{"id":340359,"date":"2023-11-13T08:11:15","date_gmt":"2023-11-13T07:11:15","guid":{"rendered":"https:\/\/www.radioluna.it\/news\/?p=340359"},"modified":"2023-11-13T08:11:39","modified_gmt":"2023-11-13T07:11:39","slug":"maria-grazia-ciolfi-e-la-nuova-coordinatrice-del-m5s-per-la-provincia-di-latina","status":"publish","type":"post","link":"https:\/\/www.radioluna.it\/news\/2023\/11\/maria-grazia-ciolfi-e-la-nuova-coordinatrice-del-m5s-per-la-provincia-di-latina\/","title":{"rendered":"Maria Grazia Ciolfi \u00e8 la nuova coordinatrice del M5S per la provincia di Latina"},"content":{"rendered":"<div id=\"fb-root\"><\/div>\n<p style=\"text-align: justify;\"><strong>LATINA &#8211;<\/strong> Maria Grazia Ciolfi \u00e8 la nuova coordinatrice del M5S per la provincia di Latina. Ad annunciarlo il presidente nazionale Giuseppe Conte con una nota pubblicata sul sito istituzionale del Movimento. I nuovi coordinatori territoriali sono stati designati dallo stesso Conte e avranno il compito di \u00abassicurare il raccordo, l\u2019uniformit\u00e0 e la massima capillarit\u00e0 e tempestivit\u00e0 dell\u2019azione politica a livello locale, nonch\u00e9 un\u2019adeguata valorizzazione delle iniziative e delle istanze territoriali\u00bb scrive il leader pentastellato.<\/p>\n<p style=\"text-align: justify;\">\u00abUn ringraziamento di cuore al presidente e al Movimento per la fiducia accordata con questa nomina che \u00e8 motivo di orgoglio, ma anche e soprattutto l\u2019assunzione di una grande responsabilit\u00e0. Una nomina attesa da tempo e carica di aspettative da parte di un territorio che ha sofferto la disgregazione della rappresentanza del Movimento che ha bisogno, per questo, di un\u2019urgente riorganizzazione operativa\u00bb.<\/p>\n<p style=\"text-align: justify;\">\u00abPer la nostra provincia \u00e8 una grande sfida, ma anche una grande opportunit\u00e0, che arriva nel momento in cui come M5S si \u00e8 deciso di ricominciare a crescere proprio dai territori. Il mio impegno sar\u00e0 rivolto ad assicurare la massima capillarit\u00e0 ed efficacia dell\u2019azione politica a livello locale, la massima valorizzazione delle proposte e delle istanze territoriali, nonch\u00e9 uno scambio costante e produttivo tra il territorio e il nazionale con la costituzione del Gruppo territoriale e i suoi responsabili. Ma sar\u00e0 solo attraverso un leale lavoro di squadra che potremo raggiungere i nostri obiettivi pi\u00f9 ambiziosi. Per questo sar\u00e0 necessaria la massima condivisione, non ci sar\u00e0 spazio n\u00e9 tempo per guardare indietro, ma solo per andare avanti, progettare e costruire a partire dall\u2019ascolto dei singoli gruppi esistenti e delle singole istanze: un lavoro sinergico di tutto il territorio con la guida, il controllo e il supporto dei nostri referenti nazionali e regionali. Buon lavoro a tutti noi\u00bb, ha detto la Ciolfi nel corso dell\u2019assemblea regionale del M5S Lazio, tenuta oggi a Roma, presso il Teatro Italia, dai consiglieri regionali alla presenza di tutti gli eletti del Lazio, della vicepresidente vicaria e del presidente Conte.<\/p>\n","protected":false},"excerpt":{"rendered":"<p>LATINA &#8211; Maria Grazia Ciolfi \u00e8 la nuova coordinatrice del M5S per la provincia di Latina. Ad annunciarlo il presidente nazionale Giuseppe Conte con una nota pubblicata sul sito istituzionale del Movimento. I nuovi coordinatori territoriali sono stati designati dallo stesso Conte e avranno il compito di \u00abassicurare il raccordo, l\u2019uniformit\u00e0 e la massima capillarit\u00e0 [&hellip;]<\/p>\n","protected":false},"author":62,"featured_media":340353,"comment_status":"open","ping_status":"open","sticky":false,"template":"","format":"standard","meta":{"footnotes":""},"categories":[8],"tags":[],"class_list":["post-340359","post","type-post","status-publish","format-standard","has-post-thumbnail","hentry","category-politica"],"_links":{"self":[{"href":"https:\/\/www.radioluna.it\/news\/wp-json\/wp\/v2\/posts\/340359","targetHints":{"allow":["GET"]}}],"collection":[{"href":"https:\/\/www.radioluna.it\/news\/wp-json\/wp\/v2\/posts"}],"about":[{"href":"https:\/\/www.radioluna.it\/news\/wp-json\/wp\/v2\/types\/post"}],"author":[{"embeddable":true,"href":"https:\/\/www.radioluna.it\/news\/wp-json\/wp\/v2\/users\/62"}],"replies":[{"embeddable":true,"href":"https:\/\/www.radioluna.it\/news\/wp-json\/wp\/v2\/comments?post=340359"}],"version-history":[{"count":1,"href":"https:\/\/www.radioluna.it\/news\/wp-json\/wp\/v2\/posts\/340359\/revisions"}],"predecessor-version":[{"id":340360,"href":"https:\/\/www.radioluna.it\/news\/wp-json\/wp\/v2\/posts\/340359\/revisions\/340360"}],"wp:featuredmedia":[{"embeddable":true,"href":"https:\/\/www.radioluna.it\/news\/wp-json\/wp\/v2\/media\/340353"}],"wp:attachment":[{"href":"https:\/\/www.radioluna.it\/news\/wp-json\/wp\/v2\/media?parent=340359"}],"wp:term":[{"taxonomy":"category","embeddable":true,"href":"https:\/\/www.radioluna.it\/news\/wp-json\/wp\/v2\/categories?post=340359"},{"taxonomy":"post_tag","embeddable":true,"href":"https:\/\/www.radioluna.it\/news\/wp-json\/wp\/v2\/tags?post=340359"}],"curies":[{"name":"wp","href":"https:\/\/api.w.org\/{rel}","templated":true}]}}