{"id":340390,"date":"2023-11-13T10:47:47","date_gmt":"2023-11-13T09:47:47","guid":{"rendered":"https:\/\/www.radioluna.it\/news\/?p=340390"},"modified":"2023-11-14T08:58:17","modified_gmt":"2023-11-14T07:58:17","slug":"massacro-del-circeo-in-onda-la-fiction-che-ricostruisce-il-processo-celebrato-nel-75-in-tribunale-a-latina","status":"publish","type":"post","link":"https:\/\/www.radioluna.it\/news\/2023\/11\/massacro-del-circeo-in-onda-la-fiction-che-ricostruisce-il-processo-celebrato-nel-75-in-tribunale-a-latina\/","title":{"rendered":"Massacro del Circeo, in onda la fiction che ricostruisce il processo celebrato nel &#8217;75 in Tribunale a Latina"},"content":{"rendered":"<div id=\"fb-root\"><\/div>\n<p><iframe loading=\"lazy\" title=\"Circeo | Trailer ITA Ufficiale - Paramount+\" width=\"740\" height=\"416\" src=\"https:\/\/www.youtube.com\/embed\/2T6Uc7f2mFc?feature=oembed\" frameborder=\"0\" allow=\"accelerometer; autoplay; clipboard-write; encrypted-media; gyroscope; picture-in-picture; web-share\" referrerpolicy=\"strict-origin-when-cross-origin\" allowfullscreen><\/iframe><\/p>\n<p style=\"text-align: justify;\"><strong>LATINA<\/strong> &#8211; Sar\u00e0 in onda su Rai 2 domani, marted\u00ec 14 novembre e per tre marted\u00ec consecutivi (anche il 21 e 28), \u201cCirceo\u201d, la serie \u00a0diretta da Andrea Molaioli ispirata al massacro compiuto nel 1975 da tre giovani appartenenti a famiglie molto benestanti di Roma: Guido che aveva 19 anni, Izzo, allora ventenne e che ha ucciso ancora, e Ghira 22 anni. I tre uccisero Rosaria Lopez e massacrarono l&#8217;amica Donatella Colasanti che si salv\u00f2 solo fingendosi morta. Il feroce delitto avvenne in una villa sul Promontorio rimasta tristemente nota, dove le due furono portate da Roma con il pretesto di una festa.<\/p>\n<p style=\"text-align: justify;\">Dopo il passaggio lo scorso anno su Paramount+,\u00a0 la fiction interpretata da Greta Scarano nei panni dell&#8217;avvocata Teresa Capogrossi, personaggio di finzione, e da Ambrosia Caldarelli che interpreta la sopravvissuta Donatella Colasanti, ripercorre i fatti, il ritrovamento di Donatella nel bagagliaio di un&#8217;auto nel centro di Roma accanto al corpo privo di vita dell&#8217;amica e tutte le fasi del processo celebrato davanti al Tribunale di Latina con il supporto dell&#8217;avvocata Tina Lagostena Bassi e di diverse associazioni femministe che si costituiscono parte civile e presenziano al processo. Le difese, nel tentativo di smontare le accuse di fronte alla barbarie, accusarono la donna di essersela cercata.<\/p>\n<p>Dopo quel processo il reato di stupro divenne, da reato contro la morale, reato contro la persona.<\/p>\n<div class=\"radio-posizionamento-telefono-in-articoli-dopo-il-contenuto-articolo radio-entity-placement\" id=\"radio-1319974086\"><div id=\"radio-1661365778\"><a href=\"https:\/\/www.simeoneceramiche.com\/\" aria-label=\"SIMEONE CERAMICHE GIF animata per radioluna_Tavola disegno 1 copia 2 (online-video-cutter.com)\"><img loading=\"lazy\" decoding=\"async\" src=\"https:\/\/www.radioluna.it\/news\/wp-content\/uploads\/2025\/05\/SIMEONE-CERAMICHE-GIF-animata-per-radioluna_Tavola-disegno-1-copia-2-online-video-cutter.com_.gif\" alt=\"\"  width=\"300\" height=\"250\"   \/><\/a><\/div><\/div>","protected":false},"excerpt":{"rendered":"<p>LATINA &#8211; Sar\u00e0 in onda su Rai 2 domani, marted\u00ec 14 novembre e per tre marted\u00ec consecutivi (anche il 21 e 28), \u201cCirceo\u201d, la serie \u00a0diretta da Andrea Molaioli ispirata al massacro compiuto nel 1975 da tre giovani appartenenti a famiglie molto benestanti di Roma: Guido che aveva 19 anni, Izzo, allora ventenne e che [&hellip;]<\/p>\n","protected":false},"author":62,"featured_media":340391,"comment_status":"open","ping_status":"open","sticky":false,"template":"","format":"video","meta":{"footnotes":""},"categories":[735,734],"tags":[],"class_list":["post-340390","post","type-post","status-publish","format-video","has-post-thumbnail","hentry","category-attualita","category-evidenza","post_format-post-format-video"],"_links":{"self":[{"href":"https:\/\/www.radioluna.it\/news\/wp-json\/wp\/v2\/posts\/340390","targetHints":{"allow":["GET"]}}],"collection":[{"href":"https:\/\/www.radioluna.it\/news\/wp-json\/wp\/v2\/posts"}],"about":[{"href":"https:\/\/www.radioluna.it\/news\/wp-json\/wp\/v2\/types\/post"}],"author":[{"embeddable":true,"href":"https:\/\/www.radioluna.it\/news\/wp-json\/wp\/v2\/users\/62"}],"replies":[{"embeddable":true,"href":"https:\/\/www.radioluna.it\/news\/wp-json\/wp\/v2\/comments?post=340390"}],"version-history":[{"count":2,"href":"https:\/\/www.radioluna.it\/news\/wp-json\/wp\/v2\/posts\/340390\/revisions"}],"predecessor-version":[{"id":340394,"href":"https:\/\/www.radioluna.it\/news\/wp-json\/wp\/v2\/posts\/340390\/revisions\/340394"}],"wp:featuredmedia":[{"embeddable":true,"href":"https:\/\/www.radioluna.it\/news\/wp-json\/wp\/v2\/media\/340391"}],"wp:attachment":[{"href":"https:\/\/www.radioluna.it\/news\/wp-json\/wp\/v2\/media?parent=340390"}],"wp:term":[{"taxonomy":"category","embeddable":true,"href":"https:\/\/www.radioluna.it\/news\/wp-json\/wp\/v2\/categories?post=340390"},{"taxonomy":"post_tag","embeddable":true,"href":"https:\/\/www.radioluna.it\/news\/wp-json\/wp\/v2\/tags?post=340390"}],"curies":[{"name":"wp","href":"https:\/\/api.w.org\/{rel}","templated":true}]}}