{"id":340637,"date":"2023-11-16T11:33:36","date_gmt":"2023-11-16T10:33:36","guid":{"rendered":"https:\/\/www.radioluna.it\/news\/?p=340637"},"modified":"2023-11-16T12:12:32","modified_gmt":"2023-11-16T11:12:32","slug":"71-assunzioni-alla-asl-di-latina-palazzo-un-grande-risultato-per-il-nostro-territorio","status":"publish","type":"post","link":"https:\/\/www.radioluna.it\/news\/2023\/11\/71-assunzioni-alla-asl-di-latina-palazzo-un-grande-risultato-per-il-nostro-territorio\/","title":{"rendered":"71 assunzioni alla Asl di Latina, Palazzo e Schiboni: &#8220;La sanit\u00e0 torna una priorit\u00e0&#8221;"},"content":{"rendered":"<div id=\"fb-root\"><\/div>\n<p style=\"text-align: justify;\"><strong>LATINA &#8211;<\/strong> \u00abA partire dal 1\u00b0 dicembre scatteranno 71 nuove assunzioni per la Asl di Latina. Un grande risultato per la nostra provincia, grazie al processo messo in atto dal presidente Francesco Rocca e dalla direzione Salute e Integrazione Sociosanitaria guidata da Andrea Urbani\u00bb. Lo ha dichiarato l\u2019assessore all\u2019Ambiente e allo Sport della Regione Lazio, Elena Palazzo.<\/p>\n<p style=\"text-align: justify;\">\u00abLa nostra amministrazione dimostra di essere dalla parte dei cittadini e di dare la giusta attenzione alle esigenze che arrivano dal territorio della provincia di Latina, di cui mai mi stancher\u00f2 di essere portavoce. Il via libera concesso dalla Regione Lazio \u2013 ha spiegato l\u2019Assessore &#8211; consente nel dettaglio l\u2019assunzione di 14 unit\u00e0 a tempo indeterminato, 55 stabilizzazioni e due contratti a tempo determinato\u00bb.<\/p>\n<p style=\"text-align: justify;\">\u00abAndremo avanti con l\u2019incremento, nelle prossime settimane, di personale tecnico-amministrativo per gli ospedali e per il sostegno dell\u2019assistenza territoriale. A dimostrazione che quello che si sta facendo \u00e8 un intervento pianificato che mira a rafforzare in maniera decisa questo settore puntando sulle nostre professionalit\u00e0\u00bb, ha concluso l\u2019assessore Elena Palazzo.<\/p>\n<p style=\"text-align: justify;\"><strong>SCHIBONI &#8211;<\/strong> \u00abLa sanit\u00e0 torna ad essere il cuore pulsante del rinnovamento della Regione Lazio, grazie al presidente Francesco Rocca, dal 1\u00b0 dicembre il via libera alle assunzioni di circa 600 operatori sanitari. Di questi 71 sono destinati alle strutture della Asl di Latina, tra cui oculisti, tecnici di laboratorio e di radiologia. Un forte rilancio per le nostre strutture dopo anni di inerzia e superficialit\u00e0, che hanno fatto acuire le tante criticit\u00e0 e che purtroppo costellano uno dei settori pi\u00f9 importanti per la vita dei cittadini\u00bb.\u00a0 o ha dichiarato l\u2019assessore al Lavoro, all\u2019Universit\u00e0, alla Scuola, alla Formazione, alla Ricerca e al Merito, Giuseppe Schiboni<strong>.<\/strong><\/p>\n<p style=\"text-align: justify;\">\u00abRafforzare il personale \u00e8 il primo passo per dare risposte ai cittadini, per contribuire al processo di riduzione concreta delle liste di attesa e per rendere l\u2019erogazione delle prestazioni sempre pi\u00f9 efficace ed efficiente. Una scelta che dimostra la concretezza del presidente Rocca e del direttore della Direzione regionale salute ed integrazione sociosanitaria, Andrea Urbani, che stanno puntando all\u2019implementazione delle piante organiche dei nostri ospedali, senza la quale ogni piano e programmazione risulterebbe inutile. Una sanit\u00e0 all\u2019altezza delle esigenze dei cittadini \u00e8 possibile, quando ci sono determinazione ed impegno alla base di una programmazione che ragioni per priorit\u00e0. Il presidente Francesco Rocca ha esperienza e rigore, nonch\u00e9 la conoscenza del settore tale da poter riportare la sanit\u00e0 sui binari dell\u2019efficienza, della qualit\u00e0 e dell\u2019efficacia\u00bb, ha spiegato l\u2019assessore Schiboni.<\/p>\n<p style=\"text-align: justify;\">\u00abI tempi della giunta dei disagi crescenti sono terminati. Ora non resta che proseguire su questo percorso virtuoso per ricostruire, dalle macerie targate Zingaretti, una sanit\u00e0 all\u2019insegna dell\u2019eccellenza e della parit\u00e0 di accesso alle cure\u00bb, ha concluso Giuseppe Schiboni.<\/p>\n","protected":false},"excerpt":{"rendered":"<p>LATINA &#8211; \u00abA partire dal 1\u00b0 dicembre scatteranno 71 nuove assunzioni per la Asl di Latina. Un grande risultato per la nostra provincia, grazie al processo messo in atto dal presidente Francesco Rocca e dalla direzione Salute e Integrazione Sociosanitaria guidata da Andrea Urbani\u00bb. Lo ha dichiarato l\u2019assessore all\u2019Ambiente e allo Sport della Regione Lazio, [&hellip;]<\/p>\n","protected":false},"author":60,"featured_media":235003,"comment_status":"open","ping_status":"open","sticky":false,"template":"","format":"standard","meta":{"footnotes":""},"categories":[8],"tags":[],"class_list":["post-340637","post","type-post","status-publish","format-standard","has-post-thumbnail","hentry","category-politica"],"_links":{"self":[{"href":"https:\/\/www.radioluna.it\/news\/wp-json\/wp\/v2\/posts\/340637","targetHints":{"allow":["GET"]}}],"collection":[{"href":"https:\/\/www.radioluna.it\/news\/wp-json\/wp\/v2\/posts"}],"about":[{"href":"https:\/\/www.radioluna.it\/news\/wp-json\/wp\/v2\/types\/post"}],"author":[{"embeddable":true,"href":"https:\/\/www.radioluna.it\/news\/wp-json\/wp\/v2\/users\/60"}],"replies":[{"embeddable":true,"href":"https:\/\/www.radioluna.it\/news\/wp-json\/wp\/v2\/comments?post=340637"}],"version-history":[{"count":0,"href":"https:\/\/www.radioluna.it\/news\/wp-json\/wp\/v2\/posts\/340637\/revisions"}],"wp:featuredmedia":[{"embeddable":true,"href":"https:\/\/www.radioluna.it\/news\/wp-json\/wp\/v2\/media\/235003"}],"wp:attachment":[{"href":"https:\/\/www.radioluna.it\/news\/wp-json\/wp\/v2\/media?parent=340637"}],"wp:term":[{"taxonomy":"category","embeddable":true,"href":"https:\/\/www.radioluna.it\/news\/wp-json\/wp\/v2\/categories?post=340637"},{"taxonomy":"post_tag","embeddable":true,"href":"https:\/\/www.radioluna.it\/news\/wp-json\/wp\/v2\/tags?post=340637"}],"curies":[{"name":"wp","href":"https:\/\/api.w.org\/{rel}","templated":true}]}}