{"id":340681,"date":"2023-11-16T17:09:43","date_gmt":"2023-11-16T16:09:43","guid":{"rendered":"https:\/\/www.radioluna.it\/news\/?p=340681"},"modified":"2023-11-16T17:12:25","modified_gmt":"2023-11-16T16:12:25","slug":"femminicidio-e-violenza-di-genere-lon-martina-semenzato-a-latina","status":"publish","type":"post","link":"https:\/\/www.radioluna.it\/news\/2023\/11\/femminicidio-e-violenza-di-genere-lon-martina-semenzato-a-latina\/","title":{"rendered":"Femminicidio e violenza di genere, l&#8217;on Martina Semenzato a Latina"},"content":{"rendered":"<div id=\"fb-root\"><\/div>\n<p style=\"text-align: justify;\"><strong>LATINA &#8211; <\/strong>L\u2019onorevole Martina Semenzato, presidente della Commissione Bicamerale d\u2019inchiesta sul femminicidio e su ogni forma di violenza di genere, ha incontrato questa mattina in aula consiliare la sindaca di Latina Matilde Celentano, gli assessori, le consigliere donne, i capigruppo e una rappresentanza dell\u2019intero consiglio comunale. Presente anche la Garante dell\u2019infanzia e dell\u2019adolescenza della Regione Lazio, Monica Sansoni.<\/p>\n<p style=\"text-align: justify;\">\u201cRingrazio, a nome dell\u2019amministrazione che rappresento, l\u2019onorevole Semenzato per il lavoro che svolge a tutela di tutte le donne, troppo spesso vittime di situazioni drammatiche che ci lasciano addosso la sensazione che si sarebbero potute evitare \u2013 ha dichiarato il Sindaco Matilde Celentano -. So che Latina \u00e8 una citt\u00e0 a lei cara e che il centro antiviolenza presente sul territorio \u00e8 stato uno dei primi che ha visitato una volta avuto l\u2019incarico da presidente della commissione, che \u00e8 bicamerale ed \u00e8 quindi composta sia da deputati che da senatori. Il lavoro svolto da Semenzato e quanto riferito oggi nell\u2019aula consiliare pu\u00f2 essere di spunto, per tutti noi che abbiamo un ruolo all\u2019interno di un\u2019amministrazione e siamo riconosciuti come punti di riferimento dai cittadini, per comprendere in che modo lavorare e combattere i dati raccapriccianti che ci presenta la cronaca ogni giorno. Dobbiamo promuovere un cambiamento culturale e trovare strumenti concreti perch\u00e9 le donne siano protette, ma soprattutto siano autonome. Dobbiamo lavorare sulla prevenzione e occuparci di violenza di genere prima che di femminicidio e costruire una comunit\u00e0 dove le donne siano autonome da ogni punto di vista, come testimoniato dall\u2019onorevole Semenzato. Infine le donne devono sapere che hanno istituzioni, centri antiviolenza, associazioni e centri di ascolto a cui fare riferimento per uscire da meccanismi tossici che, sempre pi\u00f9 spesso, sfociano in atti di violenza. Questo \u00e8 quello su cui ci dobbiamo focalizzare, a pochi giorni dalla Giornata internazionale contro la violenza sulle donne. Grazie di nuovo all\u2019onorevole Semenzato per essere stata con noi affrontando un tema caro alla nostra amministrazione\u201d.<\/p>\n","protected":false},"excerpt":{"rendered":"<p>LATINA &#8211; L\u2019onorevole Martina Semenzato, presidente della Commissione Bicamerale d\u2019inchiesta sul femminicidio e su ogni forma di violenza di genere, ha incontrato questa mattina in aula consiliare la sindaca di Latina Matilde Celentano, gli assessori, le consigliere donne, i capigruppo e una rappresentanza dell\u2019intero consiglio comunale. Presente anche la Garante dell\u2019infanzia e dell\u2019adolescenza della Regione [&hellip;]<\/p>\n","protected":false},"author":60,"featured_media":340682,"comment_status":"open","ping_status":"open","sticky":false,"template":"","format":"standard","meta":{"footnotes":""},"categories":[8],"tags":[],"class_list":["post-340681","post","type-post","status-publish","format-standard","has-post-thumbnail","hentry","category-politica"],"_links":{"self":[{"href":"https:\/\/www.radioluna.it\/news\/wp-json\/wp\/v2\/posts\/340681","targetHints":{"allow":["GET"]}}],"collection":[{"href":"https:\/\/www.radioluna.it\/news\/wp-json\/wp\/v2\/posts"}],"about":[{"href":"https:\/\/www.radioluna.it\/news\/wp-json\/wp\/v2\/types\/post"}],"author":[{"embeddable":true,"href":"https:\/\/www.radioluna.it\/news\/wp-json\/wp\/v2\/users\/60"}],"replies":[{"embeddable":true,"href":"https:\/\/www.radioluna.it\/news\/wp-json\/wp\/v2\/comments?post=340681"}],"version-history":[{"count":1,"href":"https:\/\/www.radioluna.it\/news\/wp-json\/wp\/v2\/posts\/340681\/revisions"}],"predecessor-version":[{"id":340683,"href":"https:\/\/www.radioluna.it\/news\/wp-json\/wp\/v2\/posts\/340681\/revisions\/340683"}],"wp:featuredmedia":[{"embeddable":true,"href":"https:\/\/www.radioluna.it\/news\/wp-json\/wp\/v2\/media\/340682"}],"wp:attachment":[{"href":"https:\/\/www.radioluna.it\/news\/wp-json\/wp\/v2\/media?parent=340681"}],"wp:term":[{"taxonomy":"category","embeddable":true,"href":"https:\/\/www.radioluna.it\/news\/wp-json\/wp\/v2\/categories?post=340681"},{"taxonomy":"post_tag","embeddable":true,"href":"https:\/\/www.radioluna.it\/news\/wp-json\/wp\/v2\/tags?post=340681"}],"curies":[{"name":"wp","href":"https:\/\/api.w.org\/{rel}","templated":true}]}}