{"id":340685,"date":"2023-11-16T19:23:02","date_gmt":"2023-11-16T18:23:02","guid":{"rendered":"https:\/\/www.radioluna.it\/news\/?p=340685"},"modified":"2023-11-16T19:23:02","modified_gmt":"2023-11-16T18:23:02","slug":"emergenza-pini-a-latina-lbc-chiede-di-convocare-la-commissione-lavori-pubblici","status":"publish","type":"post","link":"https:\/\/www.radioluna.it\/news\/2023\/11\/emergenza-pini-a-latina-lbc-chiede-di-convocare-la-commissione-lavori-pubblici\/","title":{"rendered":"Emergenza pini a Latina, Lbc chiede di convocare la commissione Lavori Pubblici"},"content":{"rendered":"<div id=\"fb-root\"><\/div>\n<p style=\"text-align: justify;\"><strong>LATINA<\/strong> &#8211; E\u2019 stata convocata per venerd\u00ec 17 novembre, alle 11, la commissione consiliare Lavori Pubblici con un tema che i consiglieri comunali Dario Bellini, capogruppo di Lbc, e Loretta Isotton avevano espressamente chiesto di poter discutere. Si tratta dell\u2019emergenza pino domestico, dal momento che anche Latina \u00e8 stata dichiarata zona infestata da insetto Toumeyella parvicornis, come da determina Regione Lazio n. G11835 del 8\/9\/2023 \u201cMisure fitosanitarie di emergenza ai fini del contrasto dell&#8217;organismo nocivo Toumeyella parvicornis (Cockerell) (Cocciniglia tartaruga)\u201d, e infestazione dell\u2019insetto Tomicus destruens (bloastofago).<\/p>\n<p style=\"text-align: justify;\">\u201cAbbiamo chiesto la presenza dell\u2019assessore e degli uffici \u2013 spiega il capogruppo Bellini \u2013 per capire come si sta muovendo il Comune di Latina rispetto a quella che si sta delineando come una vera e propria emergenza che sta decimando il patrimonio arboreo del nostro territorio. Per dare la misura del problema, la situazione \u00e8 gi\u00e0 grave per esempio lungo via Epitaffio dove, nonostante il trattamento gi\u00e0 effettuato su tutte la alberature che costeggiano la strada, 80 di quegli alberi dovranno essere abbattuti. Un\u2019emergenza che sul territorio abbiamo gi\u00e0 vissuto, con la decimazione delle palme. Ringraziamo quindi il presidente Fausto Furlanetto per la tempestiva convocazione. Riteniamo per\u00f2 importante che la discussione venga quanto prima allargata anche ai rappresentanti dell\u2019Anas, della Provincia di Latina e di tutti gli enti interessati, per capire come le istituzioni stiano agendo nei rispettivi ambiti di competenza e per promuovere una strategia comune per fronteggiare il problema. Occorre coordinare gli interventi per agire in modo sinergico su tutte le aree interessate. Se si intervenisse ad esempio su via Epitaffio e non lungo la via Appia ogni azione rischierebbe di essere vanificata\u201d.<\/p>\n<div class=\"radio-posizionamento-telefono-in-articoli-dopo-il-contenuto-articolo radio-entity-placement\" id=\"radio-2329972486\"><div id=\"radio-1532797013\" style=\"width: 300px;height: 250px;\"><a href=\"https:\/\/www.icarspa.it\/auto\/usate\/latina\/\" aria-label=\"banner aprile icar new life &#8211; auto usate latina\"><img loading=\"lazy\" decoding=\"async\" src=\"https:\/\/www.radioluna.it\/news\/wp-content\/uploads\/2026\/02\/banner-aprile-icar-new-life-auto-usate-latina.gif\" alt=\"\"  width=\"300\" height=\"250\"   \/><\/a><\/div><\/div>","protected":false},"excerpt":{"rendered":"<p>LATINA &#8211; E\u2019 stata convocata per venerd\u00ec 17 novembre, alle 11, la commissione consiliare Lavori Pubblici con un tema che i consiglieri comunali Dario Bellini, capogruppo di Lbc, e Loretta Isotton avevano espressamente chiesto di poter discutere. Si tratta dell\u2019emergenza pino domestico, dal momento che anche Latina \u00e8 stata dichiarata zona infestata da insetto Toumeyella [&hellip;]<\/p>\n","protected":false},"author":60,"featured_media":340704,"comment_status":"open","ping_status":"open","sticky":false,"template":"","format":"standard","meta":{"footnotes":""},"categories":[8],"tags":[],"class_list":["post-340685","post","type-post","status-publish","format-standard","has-post-thumbnail","hentry","category-politica"],"_links":{"self":[{"href":"https:\/\/www.radioluna.it\/news\/wp-json\/wp\/v2\/posts\/340685","targetHints":{"allow":["GET"]}}],"collection":[{"href":"https:\/\/www.radioluna.it\/news\/wp-json\/wp\/v2\/posts"}],"about":[{"href":"https:\/\/www.radioluna.it\/news\/wp-json\/wp\/v2\/types\/post"}],"author":[{"embeddable":true,"href":"https:\/\/www.radioluna.it\/news\/wp-json\/wp\/v2\/users\/60"}],"replies":[{"embeddable":true,"href":"https:\/\/www.radioluna.it\/news\/wp-json\/wp\/v2\/comments?post=340685"}],"version-history":[{"count":2,"href":"https:\/\/www.radioluna.it\/news\/wp-json\/wp\/v2\/posts\/340685\/revisions"}],"predecessor-version":[{"id":340705,"href":"https:\/\/www.radioluna.it\/news\/wp-json\/wp\/v2\/posts\/340685\/revisions\/340705"}],"wp:featuredmedia":[{"embeddable":true,"href":"https:\/\/www.radioluna.it\/news\/wp-json\/wp\/v2\/media\/340704"}],"wp:attachment":[{"href":"https:\/\/www.radioluna.it\/news\/wp-json\/wp\/v2\/media?parent=340685"}],"wp:term":[{"taxonomy":"category","embeddable":true,"href":"https:\/\/www.radioluna.it\/news\/wp-json\/wp\/v2\/categories?post=340685"},{"taxonomy":"post_tag","embeddable":true,"href":"https:\/\/www.radioluna.it\/news\/wp-json\/wp\/v2\/tags?post=340685"}],"curies":[{"name":"wp","href":"https:\/\/api.w.org\/{rel}","templated":true}]}}