{"id":340691,"date":"2023-11-16T18:17:41","date_gmt":"2023-11-16T17:17:41","guid":{"rendered":"https:\/\/www.radioluna.it\/news\/?p=340691"},"modified":"2023-11-17T10:56:54","modified_gmt":"2023-11-17T09:56:54","slug":"barriere-rigide-per-proteggere-la-costa-da-foce-verde-a-capoportiere-la-decisione-della-giunta-di-latina","status":"publish","type":"post","link":"https:\/\/www.radioluna.it\/news\/2023\/11\/barriere-rigide-per-proteggere-la-costa-da-foce-verde-a-capoportiere-la-decisione-della-giunta-di-latina\/","title":{"rendered":"Barriere rigide per proteggere la costa da Foce Verde a Capoportiere: la decisione della giunta di Latina"},"content":{"rendered":"<div id=\"fb-root\"><\/div>\n<p style=\"text-align: justify;\"><strong>LATINA<\/strong> &#8211; La giunta comunale di Latina ha dato il via libera alle opere di protezione della costa con pennelli e opere sottomarine. E&#8217; stata approvata oggi la delibera che riguarda\u00a0 il tratto tra Foce Verde a Capoportiere. \u201cIl Comune di Latina \u2013 spiega l\u2019assessore all\u2019Ambiente Franco Addonizio \u2013 ha soppesato due alternative progettuali. Una prima di ripascimento, e una seconda di opere rigide composte da pennelli e barriere soffolte. Si \u00e8 ritenuto di intraprendere la seconda strada considerata l\u2019urgenza di attuare opere di difesa del litorale di Latina in continuit\u00e0 con quelle gi\u00e0 realizzate&#8221;. I tempi sono stretti. &#8220;Ricevuti i pareri positivi, il cantiere dovr\u00e0 essere aperto entro la primavera del 2024. La parola d\u2019ordine \u00e8 quindi correre\u201d, aggiunge l&#8217;assessore alla Marina Gianluca Di Cocco.<\/p>\n<p style=\"text-align: justify;\">L\u2019intervento dovr\u00e0 essere realizzato entro il 31 dicembre del 2025, ma il progetto definitivo cos\u00ec come revisionato deve passare il vaglio della Valutazione di impatto ambientale e Valutazione di incidenza ambientale mediante la procedura di autorizzazione unica regionale, finalizzata anche all\u2019acquisizione dei nullaosta da parte dell\u2019Ente Parco nazionale del Circeo, dei Comuni limitrofi, della Capitaneria di Porto e degli altri enti competenti.<\/p>\n<p style=\"text-align: justify;\">L\u2019assessore alla Marina ringrazia in una nota &#8220;la Regione, gli uffici del Comune di Latina e gli operatori del settore per aver portato a termine un iter burocratico difficoltoso, permettendoci di non perdere il finanziamento regionale da 5,5 milioni di euro&#8221; e spiega spiegato che &#8220;si tratta di una progettazione imponente e concreta che andr\u00e0, finalmente, a dare ai cittadini e al territorio le risposte che aspettano. Il contrasto all\u2019erosione costiera \u00e8, infatti, fondamentale per difendere le nostre spiagge, come da indicazioni della Regione Lazio, e propedeutico a interventi che verranno realizzati nel prossimo futuro&#8221;. Poi assicura: &#8220;Non causer\u00e0, danneggiamenti alle localit\u00e0 limitrofe, come certificato dalle varie riunioni svolte con tutte le parti in causa. All\u2019iter amministrativo per l\u2019opera in questione \u00e8 stata data un\u2019accelerata importante sin dai primi giorni successivi al nostro insediamento&#8221;.<\/p>\n<p style=\"text-align: justify;\">L&#8217;idea di opere rigide\u00a0 deriva da &#8220;approfondimenti con esperti e tecnici del settore\u00a0 &#8211; conclude Addonizio &#8211; che hanno infatti dimostrato che interventi di solo ripascimento morbido di coste con caratteristiche come quelle di Latina, non accompagnati da opere a protezione, sarebbero risultati vani. La zona in oggetto, inoltre, \u00e8 contraddistinta da un elevato grado di vulnerabilit\u00e0 e priva di apporto di sedimenti. Si \u00e8 ritenuto, dunque, necessario intraprendere un\u2019insieme di azioni integrate, sia materiali che immateriali, sostenibili nel tempo e conformi agli strumenti di pianificazione, alle linee guida e alle direttive regionali e nazionali\u201d.<\/p>\n<div class=\"radio-posizionamento-telefono-in-articoli-dopo-il-contenuto-articolo radio-entity-placement\" id=\"radio-702956384\"><div id=\"radio-2024262179\"><a href=\"https:\/\/www.simeoneceramiche.com\/\" aria-label=\"SIMEONE CERAMICHE GIF animata per radioluna_Tavola disegno 1 copia 2 (online-video-cutter.com)\"><img loading=\"lazy\" decoding=\"async\" src=\"https:\/\/www.radioluna.it\/news\/wp-content\/uploads\/2025\/05\/SIMEONE-CERAMICHE-GIF-animata-per-radioluna_Tavola-disegno-1-copia-2-online-video-cutter.com_.gif\" alt=\"\"  width=\"300\" height=\"250\"   \/><\/a><\/div><\/div>","protected":false},"excerpt":{"rendered":"<p>LATINA &#8211; La giunta comunale di Latina ha dato il via libera alle opere di protezione della costa con pennelli e opere sottomarine. E&#8217; stata approvata oggi la delibera che riguarda\u00a0 il tratto tra Foce Verde a Capoportiere. \u201cIl Comune di Latina \u2013 spiega l\u2019assessore all\u2019Ambiente Franco Addonizio \u2013 ha soppesato due alternative progettuali. Una [&hellip;]<\/p>\n","protected":false},"author":62,"featured_media":340692,"comment_status":"open","ping_status":"open","sticky":false,"template":"","format":"standard","meta":{"footnotes":""},"categories":[8,2428],"tags":[],"class_list":["post-340691","post","type-post","status-publish","format-standard","has-post-thumbnail","hentry","category-politica","category-primo-piano"],"_links":{"self":[{"href":"https:\/\/www.radioluna.it\/news\/wp-json\/wp\/v2\/posts\/340691","targetHints":{"allow":["GET"]}}],"collection":[{"href":"https:\/\/www.radioluna.it\/news\/wp-json\/wp\/v2\/posts"}],"about":[{"href":"https:\/\/www.radioluna.it\/news\/wp-json\/wp\/v2\/types\/post"}],"author":[{"embeddable":true,"href":"https:\/\/www.radioluna.it\/news\/wp-json\/wp\/v2\/users\/62"}],"replies":[{"embeddable":true,"href":"https:\/\/www.radioluna.it\/news\/wp-json\/wp\/v2\/comments?post=340691"}],"version-history":[{"count":1,"href":"https:\/\/www.radioluna.it\/news\/wp-json\/wp\/v2\/posts\/340691\/revisions"}],"predecessor-version":[{"id":340693,"href":"https:\/\/www.radioluna.it\/news\/wp-json\/wp\/v2\/posts\/340691\/revisions\/340693"}],"wp:featuredmedia":[{"embeddable":true,"href":"https:\/\/www.radioluna.it\/news\/wp-json\/wp\/v2\/media\/340692"}],"wp:attachment":[{"href":"https:\/\/www.radioluna.it\/news\/wp-json\/wp\/v2\/media?parent=340691"}],"wp:term":[{"taxonomy":"category","embeddable":true,"href":"https:\/\/www.radioluna.it\/news\/wp-json\/wp\/v2\/categories?post=340691"},{"taxonomy":"post_tag","embeddable":true,"href":"https:\/\/www.radioluna.it\/news\/wp-json\/wp\/v2\/tags?post=340691"}],"curies":[{"name":"wp","href":"https:\/\/api.w.org\/{rel}","templated":true}]}}