{"id":340776,"date":"2023-12-01T11:36:09","date_gmt":"2023-12-01T10:36:09","guid":{"rendered":"https:\/\/www.radioluna.it\/news\/?p=340776"},"modified":"2023-12-06T13:28:48","modified_gmt":"2023-12-06T12:28:48","slug":"notre-dame-de-paris-nella-lingua-dei-segni-spettacolo-gratuito-al-teatro-dannunzio","status":"publish","type":"post","link":"https:\/\/www.radioluna.it\/news\/2023\/12\/notre-dame-de-paris-nella-lingua-dei-segni-spettacolo-gratuito-al-teatro-dannunzio\/","title":{"rendered":"Notre Dame de Paris nella lingua dei segni: spettacolo gratuito al teatro D\u2019Annunzio"},"content":{"rendered":"<div id=\"fb-root\"><\/div>\n<p style=\"text-align: justify;\"><strong>LATINA<\/strong> &#8211;\u00a0Il Comune di Latina presenta lo spettacolo &#8220;Notre Dame de Paris in Lis&#8221;. L\u2019appuntamento \u00e8 per domenica 3 dicembre, in occasione della Giornata internazionale delle persone con disabilit\u00e0, al teatro comunale D\u2019Annunzio e rientra nel calendario di iniziative pensate in occasione del Natale di Latina.\u00a0Il progetto, proposto e coordinato dalla Commissione consiliare &#8220;Istruzione&#8221; il cui presidente \u00e8 il consigliere Giuseppe Coriddi, nasce da un\u2019idea di Laura Santarelli. L\u2019obiettivo \u00e8 quello di rendere il teatro e la cultura aperti a tutti, soprattutto ai giovani con disabilit\u00e0, attraverso la messa in scena di uno dei musical pi\u00f9 amati e pi\u00f9 premiati dal pubblico.<br \/>\nLo spettacolo, sulle musiche di Riccardo Cocciante e le coreografie di Giovanna Rinaldi, sar\u00e0 interpretato dagli attori che recitano in lingua dei segni e ASL (American Sign Language) della Accademia Europea Sordi Onlus &#8211; Scuola Interpreti LIS con la regia di Laura Santarelli.\u00a0L&#8217;accesso \u00e8 totalmente gratuito e rivolto all&#8217;intera cittadinanza. Saranno garantiti 400 posti fino ad esaurimento. In caso di adesioni superiori, si dar\u00e0 priorit\u00e0 alle scuole e alle associazioni per l&#8217;inclusione dei sordi, e seguir\u00e0 l\u2019ordine cronologico di arrivo della domanda.<\/p>\n<p style=\"text-align: justify;\">La prenotazione \u00e8 obbligatoria attraverso il form<br \/>\nhttps:\/\/forms.gle\/EkkfvX8JoLAput1W9<\/p>\n","protected":false},"excerpt":{"rendered":"<p>LATINA &#8211;\u00a0Il Comune di Latina presenta lo spettacolo &#8220;Notre Dame de Paris in Lis&#8221;. L\u2019appuntamento \u00e8 per domenica 3 dicembre, in occasione della Giornata internazionale delle persone con disabilit\u00e0, al teatro comunale D\u2019Annunzio e rientra nel calendario di iniziative pensate in occasione del Natale di Latina.\u00a0Il progetto, proposto e coordinato dalla Commissione consiliare &#8220;Istruzione&#8221; il [&hellip;]<\/p>\n","protected":false},"author":62,"featured_media":4107,"comment_status":"open","ping_status":"open","sticky":false,"template":"","format":"standard","meta":{"footnotes":""},"categories":[16],"tags":[],"class_list":["post-340776","post","type-post","status-publish","format-standard","has-post-thumbnail","hentry","category-appuntamenti"],"_links":{"self":[{"href":"https:\/\/www.radioluna.it\/news\/wp-json\/wp\/v2\/posts\/340776","targetHints":{"allow":["GET"]}}],"collection":[{"href":"https:\/\/www.radioluna.it\/news\/wp-json\/wp\/v2\/posts"}],"about":[{"href":"https:\/\/www.radioluna.it\/news\/wp-json\/wp\/v2\/types\/post"}],"author":[{"embeddable":true,"href":"https:\/\/www.radioluna.it\/news\/wp-json\/wp\/v2\/users\/62"}],"replies":[{"embeddable":true,"href":"https:\/\/www.radioluna.it\/news\/wp-json\/wp\/v2\/comments?post=340776"}],"version-history":[{"count":1,"href":"https:\/\/www.radioluna.it\/news\/wp-json\/wp\/v2\/posts\/340776\/revisions"}],"predecessor-version":[{"id":340777,"href":"https:\/\/www.radioluna.it\/news\/wp-json\/wp\/v2\/posts\/340776\/revisions\/340777"}],"wp:featuredmedia":[{"embeddable":true,"href":"https:\/\/www.radioluna.it\/news\/wp-json\/wp\/v2\/media\/4107"}],"wp:attachment":[{"href":"https:\/\/www.radioluna.it\/news\/wp-json\/wp\/v2\/media?parent=340776"}],"wp:term":[{"taxonomy":"category","embeddable":true,"href":"https:\/\/www.radioluna.it\/news\/wp-json\/wp\/v2\/categories?post=340776"},{"taxonomy":"post_tag","embeddable":true,"href":"https:\/\/www.radioluna.it\/news\/wp-json\/wp\/v2\/tags?post=340776"}],"curies":[{"name":"wp","href":"https:\/\/api.w.org\/{rel}","templated":true}]}}