{"id":340825,"date":"2023-11-18T09:42:37","date_gmt":"2023-11-18T08:42:37","guid":{"rendered":"https:\/\/www.radioluna.it\/news\/?p=340825"},"modified":"2023-11-18T09:42:37","modified_gmt":"2023-11-18T08:42:37","slug":"litalia-e-la-guerra-fredda-esuli-dallest-la-presentazione-martedi-alla-feltrinelli","status":"publish","type":"post","link":"https:\/\/www.radioluna.it\/news\/2023\/11\/litalia-e-la-guerra-fredda-esuli-dallest-la-presentazione-martedi-alla-feltrinelli\/","title":{"rendered":"&#8220;L&#8217;Italia e la Guerra fredda Esuli dall&#8217;Est&#8221;, la presentazione marted\u00ec alla Feltrinelli"},"content":{"rendered":"<div id=\"fb-root\"><\/div>\n<p style=\"text-align: justify;\">LATINA &#8211; Verr\u00e0 presentato marted\u00ec 21 novembre alle ore 18 alla Libreria Feltrinelli il volume \u201cL\u2019Italia e la guerra fredda Esuli dall&#8217;Est, una storia di fughe e accoglienza nel Campo profughi di\u00a0 Latina\u201d scritto da Emanuela Gasbarroni. Dialogheranno con l\u2019autrice Emilio Andreoli e Emiliano Miliucci.<br \/>\nIl volume ricostruisce la vicenda del Campo profughi &#8220;Rossi Longhi&#8221; di Latina, che ha ospitato dal 1957 (dopo l&#8217;invasione dell&#8217;Ungheria) fino al 1989 (caduta del muro) circa 100 mila rifugiati che scappavano dai paesi dell&#8217;est e che dopo qualche mese a Latina andavano in Australia, Canada e Stati Uniti. L&#8217; obiettivo \u00e8 quello di raccontare l&#8217;importantissima pagina di storia recente italiana che pochissimi conoscono, tentando di restituire la complessit\u00e0 umana, esistenziale, geopolitica ed etica che ha animato quello spazio per circa 40 anni.<br \/>\nMolteplici le fonti storiche cui ha attinto l\u2019autrice, tra cui la copiosa documentazione dell&#8217;Archivio di Stato, (circa 300 mila documenti), le testimonianze orali (coloro che hanno vissuto la fuga e\u00a0 l&#8217;esilio, che vi hanno lavorato, e i cittadini di Latina che hanno accolto i profughi) suggestivo materiale fotografico dai fondi Oim (Organizzazioni Internazionale delle migrazioni) e collezioni private, diari, filmati dell&#8217;epoca, opere d\u2019arte e altro. Il libro \u00e8 edito da Tau edizioni e sostenuto da Fondazione Migrantes. Ricostruire il microcosmo del Campo \u201cRossi Longhi\u201d e della citt\u00e0 che lo accoglieva significa anche trovare quelle analogie con il fenomeno migratorio attuale, oggi come allora denso di percezioni sbagliate, strumentalizzazioni politiche e scelte poco adeguate. Una parte del volume \u00e8 dedicata alle testimonianze di persone di Latina che hanno accolto i rifugiati e alle memorie degli stessi profughi che, non ostante siano andati in varie parti dal mondo, hanno\u00a0 mantenuto con Latina un legame molto forte.<br \/>\nDurate la presentazione vi sar\u00e0 la lettura di alcune testimonianze con la voce dell\u2019attore Nino Bernardini. La cortina di ferro ha rappresentato una linea di separazione densa di significati, riguardo alla tematica cos\u00ec complessa dei diritti umani. Tra questi il concetto di libert\u00e0, nelle sue varie accezioni, \u00e8 stato cruciale per decidere delle vite di centinaia di migliaia di persone. Ma anche cosa significhi esilio, identit\u00e0, ideologie, accoglienza, emigrazione, violenza, speranza. Una vicenda in gran parte rimossa dalla memoria storica del nostro paese, che troppo spesso, negli ultimi anni, ha messo l\u2019accento sull\u2019eccezionalit\u00e0 dei flussi migratori verso la penisola italiana, a discapito delle sue radici storiche.<br \/>\nIl Campo \u201cRossi Longhi\u201d, insieme ai due Campi che si susseguirono a San Sabba (Trieste) e Padriciano, nell\u2019estremo Nord-Est, rappresentava uno dei capisaldi della gestione umanitaria\u00a0 approntata in Italia all\u2019indomani dell\u2019afflusso di profughi ungheresi a seguito dell\u2019invasione sovietica, mentre un flusso dalla Jugoslavia era iniziato gi\u00e0 prima. Sull&#8217;argomento \u00e8 stato anche realizzato il docufilm &#8220;Fuga per la libert\u00e0\u201d che ha avuto la nomination nella cinquina, come miglior documentario al Globo d&#8217;oro 2018, (per il cinema \u00e8 il premio pi\u00f9 importante insieme a David di Donatello e Nastro d&#8217;argento) e&#8217; stato invitato a molti festival e ha vinto numerosi premi.<\/p>\n<p>&nbsp;<\/p>\n","protected":false},"excerpt":{"rendered":"<p>LATINA &#8211; Verr\u00e0 presentato marted\u00ec 21 novembre alle ore 18 alla Libreria Feltrinelli il volume \u201cL\u2019Italia e la guerra fredda Esuli dall&#8217;Est, una storia di fughe e accoglienza nel Campo profughi di\u00a0 Latina\u201d scritto da Emanuela Gasbarroni. Dialogheranno con l\u2019autrice Emilio Andreoli e Emiliano Miliucci. Il volume ricostruisce la vicenda del Campo profughi &#8220;Rossi Longhi&#8221; [&hellip;]<\/p>\n","protected":false},"author":60,"featured_media":0,"comment_status":"open","ping_status":"open","sticky":false,"template":"","format":"standard","meta":{"footnotes":""},"categories":[16,734],"tags":[],"class_list":["post-340825","post","type-post","status-publish","format-standard","hentry","category-appuntamenti","category-evidenza"],"_links":{"self":[{"href":"https:\/\/www.radioluna.it\/news\/wp-json\/wp\/v2\/posts\/340825","targetHints":{"allow":["GET"]}}],"collection":[{"href":"https:\/\/www.radioluna.it\/news\/wp-json\/wp\/v2\/posts"}],"about":[{"href":"https:\/\/www.radioluna.it\/news\/wp-json\/wp\/v2\/types\/post"}],"author":[{"embeddable":true,"href":"https:\/\/www.radioluna.it\/news\/wp-json\/wp\/v2\/users\/60"}],"replies":[{"embeddable":true,"href":"https:\/\/www.radioluna.it\/news\/wp-json\/wp\/v2\/comments?post=340825"}],"version-history":[{"count":0,"href":"https:\/\/www.radioluna.it\/news\/wp-json\/wp\/v2\/posts\/340825\/revisions"}],"wp:attachment":[{"href":"https:\/\/www.radioluna.it\/news\/wp-json\/wp\/v2\/media?parent=340825"}],"wp:term":[{"taxonomy":"category","embeddable":true,"href":"https:\/\/www.radioluna.it\/news\/wp-json\/wp\/v2\/categories?post=340825"},{"taxonomy":"post_tag","embeddable":true,"href":"https:\/\/www.radioluna.it\/news\/wp-json\/wp\/v2\/tags?post=340825"}],"curies":[{"name":"wp","href":"https:\/\/api.w.org\/{rel}","templated":true}]}}