{"id":340833,"date":"2023-11-19T15:40:52","date_gmt":"2023-11-19T14:40:52","guid":{"rendered":"https:\/\/www.radioluna.it\/news\/?p=340833"},"modified":"2023-11-20T11:36:24","modified_gmt":"2023-11-20T10:36:24","slug":"latina-in-piazza-del-popolo-per-giulia-cecchettin","status":"publish","type":"post","link":"https:\/\/www.radioluna.it\/news\/2023\/11\/latina-in-piazza-del-popolo-per-giulia-cecchettin\/","title":{"rendered":"Latina in Piazza del Popolo per Giulia Cecchettin"},"content":{"rendered":"<div id=\"fb-root\"><\/div>\n<p style=\"text-align: justify;\">LATINA &#8211;\u00a0 Domenica alle 16.00 in Piazza del Popolo Arcigay Latina &#8211; Seicomesei e Centro Donna Lilith organizzano una manifestazione senza bandiere in memoria di Giulia Cecchettin la studentessa laureanda in ingenegneria barbaramente uccisa dall&#8217;ex ragazzo in provincia di Pordenone.<\/p>\n<p style=\"text-align: justify;\">*Questo non \u00e8 un flash mob- spiegano &#8211; questa non \u00e8 una commemorazione con bandiera. Questo non \u00e8 un atto simbolico, ma sono corpi che parlano, urlano, rivendicano il diritto a una storia differente. Un finale differente! Non abbiamo voluto attendere il 25 novembre, momento in cui non faremo mancare la nostra presenza attiva, ma abbiamo scelto di esserci oggi, perch\u00e9 oggi \u00e8 urgente! Nella piazza di una citt\u00e0 che \u00e8 nostra e che va abitata anche con questo dolore che brucia. Ci saremo per Giulia e per le altre centoquattro donne che nel 2023 sono state uccise da un sistema che va scardinato, vanificato. Saremo noi il &#8220;monumento&#8221; vivo per tutte le vittime di femminicidio, il monito per chi oggi piange senza fare nulla per mettere in discussione la logica della violenza. Vogliamo un&#8217;altra rappresentazione del nostro mondo. Vogliamo altre parole per raccontarci. Oggi vogliamo esserci per esistere insieme&#8217;.<\/p>\n","protected":false},"excerpt":{"rendered":"<p>LATINA &#8211;\u00a0 Domenica alle 16.00 in Piazza del Popolo Arcigay Latina &#8211; Seicomesei e Centro Donna Lilith organizzano una manifestazione senza bandiere in memoria di Giulia Cecchettin la studentessa laureanda in ingenegneria barbaramente uccisa dall&#8217;ex ragazzo in provincia di Pordenone. *Questo non \u00e8 un flash mob- spiegano &#8211; questa non \u00e8 una commemorazione con bandiera. [&hellip;]<\/p>\n","protected":false},"author":60,"featured_media":340834,"comment_status":"open","ping_status":"open","sticky":false,"template":"","format":"standard","meta":{"footnotes":""},"categories":[16,734],"tags":[],"class_list":["post-340833","post","type-post","status-publish","format-standard","has-post-thumbnail","hentry","category-appuntamenti","category-evidenza"],"_links":{"self":[{"href":"https:\/\/www.radioluna.it\/news\/wp-json\/wp\/v2\/posts\/340833","targetHints":{"allow":["GET"]}}],"collection":[{"href":"https:\/\/www.radioluna.it\/news\/wp-json\/wp\/v2\/posts"}],"about":[{"href":"https:\/\/www.radioluna.it\/news\/wp-json\/wp\/v2\/types\/post"}],"author":[{"embeddable":true,"href":"https:\/\/www.radioluna.it\/news\/wp-json\/wp\/v2\/users\/60"}],"replies":[{"embeddable":true,"href":"https:\/\/www.radioluna.it\/news\/wp-json\/wp\/v2\/comments?post=340833"}],"version-history":[{"count":1,"href":"https:\/\/www.radioluna.it\/news\/wp-json\/wp\/v2\/posts\/340833\/revisions"}],"predecessor-version":[{"id":340835,"href":"https:\/\/www.radioluna.it\/news\/wp-json\/wp\/v2\/posts\/340833\/revisions\/340835"}],"wp:featuredmedia":[{"embeddable":true,"href":"https:\/\/www.radioluna.it\/news\/wp-json\/wp\/v2\/media\/340834"}],"wp:attachment":[{"href":"https:\/\/www.radioluna.it\/news\/wp-json\/wp\/v2\/media?parent=340833"}],"wp:term":[{"taxonomy":"category","embeddable":true,"href":"https:\/\/www.radioluna.it\/news\/wp-json\/wp\/v2\/categories?post=340833"},{"taxonomy":"post_tag","embeddable":true,"href":"https:\/\/www.radioluna.it\/news\/wp-json\/wp\/v2\/tags?post=340833"}],"curies":[{"name":"wp","href":"https:\/\/api.w.org\/{rel}","templated":true}]}}