{"id":341046,"date":"2023-11-22T11:30:04","date_gmt":"2023-11-22T10:30:04","guid":{"rendered":"https:\/\/www.radioluna.it\/news\/?p=341046"},"modified":"2023-11-22T11:18:29","modified_gmt":"2023-11-22T10:18:29","slug":"torna-a-fondi-il-mercato-domenicale-con-orario-prolungato-fino-a-sera","status":"publish","type":"post","link":"https:\/\/www.radioluna.it\/news\/2023\/11\/torna-a-fondi-il-mercato-domenicale-con-orario-prolungato-fino-a-sera\/","title":{"rendered":"Torna a Fondi il mercato domenicale con orario prolungato fino a sera"},"content":{"rendered":"<div id=\"fb-root\"><\/div>\n<p style=\"text-align: justify;\"><strong>FONDI<\/strong> &#8211;\u00a0In occasione del Natale il mercato domenicale di Fondi raddoppia per consentire a cittadini e forestieri di fare regali, rifornire frigorifero e dispensa in vista delle festivit\u00e0 e passeggiare tra i banchi con pi\u00f9 tranquillit\u00e0 e meno caos.<br \/>\n\u00c8 quanto previsto dall&#8217;ordinanza sindacale firmata questa mattina dal primo cittadino Beniamino Maschietto su proposta dell&#8217;ANA (Associazione nazionale ambulanti).<br \/>\nDue le domeniche extralarge: il 10 e il 17 dicembre. Gli stand saranno operativi in via Mola di Santa Maria dalle 7:00 alle 20:00 con un&#8217;interruzione dalle vendite dalle 14:00 alle 15:00 per consentire ai commercianti, non interessati a rimanere per l&#8217;intera giornata, di smontare i banchi e lasciare il piazzale in sicurezza.<br \/>\n\u00abDopo il riscontro in termini di presenze e di vendite degli anni passati \u2013 commentano il sindaco Beniamino Maschietto e l&#8217;assessore alle Attivit\u00e0 Produttive Stefania Stravato \u2013 abbiamo deciso di replicare l&#8217;iniziativa con l&#8217;auspicio che il meteo sia clemente e regali a tutti due domeniche di sole. Per coloro che vengono da fuori, solitamente al solo scopo di fare acquisti al mercato, l&#8217;orario prolungato potrebbe anche essere un&#8217;occasione per pranzare in citt\u00e0 e amplificare l&#8217;indotto complessivo. Cogliamo occasione per ringraziare gli agenti della polizia locale gi\u00e0 al lavoro affinch\u00e9 tutto si svolga in maniera sicura e ordinata\u00bb.<\/p>\n","protected":false},"excerpt":{"rendered":"<p>FONDI &#8211;\u00a0In occasione del Natale il mercato domenicale di Fondi raddoppia per consentire a cittadini e forestieri di fare regali, rifornire frigorifero e dispensa in vista delle festivit\u00e0 e passeggiare tra i banchi con pi\u00f9 tranquillit\u00e0 e meno caos. \u00c8 quanto previsto dall&#8217;ordinanza sindacale firmata questa mattina dal primo cittadino Beniamino Maschietto su proposta dell&#8217;ANA [&hellip;]<\/p>\n","protected":false},"author":60,"featured_media":341047,"comment_status":"open","ping_status":"open","sticky":false,"template":"","format":"standard","meta":{"footnotes":""},"categories":[16],"tags":[],"class_list":["post-341046","post","type-post","status-publish","format-standard","has-post-thumbnail","hentry","category-appuntamenti"],"_links":{"self":[{"href":"https:\/\/www.radioluna.it\/news\/wp-json\/wp\/v2\/posts\/341046","targetHints":{"allow":["GET"]}}],"collection":[{"href":"https:\/\/www.radioluna.it\/news\/wp-json\/wp\/v2\/posts"}],"about":[{"href":"https:\/\/www.radioluna.it\/news\/wp-json\/wp\/v2\/types\/post"}],"author":[{"embeddable":true,"href":"https:\/\/www.radioluna.it\/news\/wp-json\/wp\/v2\/users\/60"}],"replies":[{"embeddable":true,"href":"https:\/\/www.radioluna.it\/news\/wp-json\/wp\/v2\/comments?post=341046"}],"version-history":[{"count":1,"href":"https:\/\/www.radioluna.it\/news\/wp-json\/wp\/v2\/posts\/341046\/revisions"}],"predecessor-version":[{"id":341048,"href":"https:\/\/www.radioluna.it\/news\/wp-json\/wp\/v2\/posts\/341046\/revisions\/341048"}],"wp:featuredmedia":[{"embeddable":true,"href":"https:\/\/www.radioluna.it\/news\/wp-json\/wp\/v2\/media\/341047"}],"wp:attachment":[{"href":"https:\/\/www.radioluna.it\/news\/wp-json\/wp\/v2\/media?parent=341046"}],"wp:term":[{"taxonomy":"category","embeddable":true,"href":"https:\/\/www.radioluna.it\/news\/wp-json\/wp\/v2\/categories?post=341046"},{"taxonomy":"post_tag","embeddable":true,"href":"https:\/\/www.radioluna.it\/news\/wp-json\/wp\/v2\/tags?post=341046"}],"curies":[{"name":"wp","href":"https:\/\/api.w.org\/{rel}","templated":true}]}}