{"id":341109,"date":"2023-11-23T13:40:05","date_gmt":"2023-11-23T12:40:05","guid":{"rendered":"https:\/\/www.radioluna.it\/news\/?p=341109"},"modified":"2023-11-23T13:35:46","modified_gmt":"2023-11-23T12:35:46","slug":"fdi-latina-al-congresso-provinciale-calandrini-unico-candidato-al-ruolo-di-coordinatore","status":"publish","type":"post","link":"https:\/\/www.radioluna.it\/news\/2023\/11\/fdi-latina-al-congresso-provinciale-calandrini-unico-candidato-al-ruolo-di-coordinatore\/","title":{"rendered":"FdI Latina,  al congresso provinciale Calandrini unico candidato al ruolo di coordinatore"},"content":{"rendered":"<div id=\"fb-root\"><\/div>\n<p style=\"text-align: justify;\"><strong>LATINA<\/strong> &#8211; Si svolger\u00e0 sabato 25 Novembre, a partire dalle ore 15.00, presso il teatro G. D\u2019Annunzio di Latina, il congresso provinciale di Fratelli d\u2019Italia Latina. &#8220;Un momento di confronto cruciale per il partito guidato a livello provinciale dal Senatore Nicola Calandrini, unico candidato al ruolo di coordinatore&#8221;, dicono in una nota da Via Don Morosini.<\/p>\n<p style=\"text-align: justify;\">\u201cArriviamo a questo appuntamento consapevoli dei passi in avanti fatti in questi anni \u2013 spiega Calandrini \u2013 e della grande responsabilit\u00e0 che comporta l\u2019essere il primo partito a livello nazionale e locale. Fratelli d\u2019Italia arriva a questa data come una comunit\u00e0 compatta, consapevole, che sa fare quadrato attorno alla propria classe dirigente, come la mia candidatura unitaria dimostra. Siamo un partito vivo, dove il confronto \u00e8 quotidiano ma proattivo, senza spaccature o crepe di alcun tipo. Le nostre energie sono volte a trovare risposte per i territori e le uniche campagne elettorali che conosciamo sono quelle rivolte ai cittadini. In questi anni la comunit\u00e0 si \u00e8 evoluta, \u00e8 cresciuta, mantenendo per\u00f2 radici forte, le uniche che permettono all\u2019albero di crescere in salute\u201d.<\/p>\n<p style=\"text-align: justify;\">Al 30 settembre 2023 sono state quasi settemila le tessere sottoscritte in provincia di Latina, ben il 400% in pi\u00f9 di quanto fatto registrare lo scorso anno. Lungo e intenso il calendario dei lavori, che prevede una prima parte aperta al pubblico, in cui si alterneranno i saluti istituzionali dei maggiori rappresentanti del tessuto socio economico e dei partiti politici di maggioranza e opposizione del territorio, e la seconda parte dedicata all\u2019assemblea e al confronto tra i tesserati del partito provinciale. Il giorno seguente i tesserati di Fratelli d\u2019Italia saranno chiamati alle urne, con i seggi dislocati su tutto il territorio provinciale, per eleggere i membri del direttivo provinciale, su cui c\u2019\u00e8 massima compattezza.<\/p>\n<p>&nbsp;<\/p>\n","protected":false},"excerpt":{"rendered":"<p>LATINA &#8211; Si svolger\u00e0 sabato 25 Novembre, a partire dalle ore 15.00, presso il teatro G. D\u2019Annunzio di Latina, il congresso provinciale di Fratelli d\u2019Italia Latina. &#8220;Un momento di confronto cruciale per il partito guidato a livello provinciale dal Senatore Nicola Calandrini, unico candidato al ruolo di coordinatore&#8221;, dicono in una nota da Via Don [&hellip;]<\/p>\n","protected":false},"author":62,"featured_media":341110,"comment_status":"open","ping_status":"open","sticky":false,"template":"","format":"standard","meta":{"footnotes":""},"categories":[8],"tags":[],"class_list":["post-341109","post","type-post","status-publish","format-standard","has-post-thumbnail","hentry","category-politica"],"_links":{"self":[{"href":"https:\/\/www.radioluna.it\/news\/wp-json\/wp\/v2\/posts\/341109","targetHints":{"allow":["GET"]}}],"collection":[{"href":"https:\/\/www.radioluna.it\/news\/wp-json\/wp\/v2\/posts"}],"about":[{"href":"https:\/\/www.radioluna.it\/news\/wp-json\/wp\/v2\/types\/post"}],"author":[{"embeddable":true,"href":"https:\/\/www.radioluna.it\/news\/wp-json\/wp\/v2\/users\/62"}],"replies":[{"embeddable":true,"href":"https:\/\/www.radioluna.it\/news\/wp-json\/wp\/v2\/comments?post=341109"}],"version-history":[{"count":1,"href":"https:\/\/www.radioluna.it\/news\/wp-json\/wp\/v2\/posts\/341109\/revisions"}],"predecessor-version":[{"id":341111,"href":"https:\/\/www.radioluna.it\/news\/wp-json\/wp\/v2\/posts\/341109\/revisions\/341111"}],"wp:featuredmedia":[{"embeddable":true,"href":"https:\/\/www.radioluna.it\/news\/wp-json\/wp\/v2\/media\/341110"}],"wp:attachment":[{"href":"https:\/\/www.radioluna.it\/news\/wp-json\/wp\/v2\/media?parent=341109"}],"wp:term":[{"taxonomy":"category","embeddable":true,"href":"https:\/\/www.radioluna.it\/news\/wp-json\/wp\/v2\/categories?post=341109"},{"taxonomy":"post_tag","embeddable":true,"href":"https:\/\/www.radioluna.it\/news\/wp-json\/wp\/v2\/tags?post=341109"}],"curies":[{"name":"wp","href":"https:\/\/api.w.org\/{rel}","templated":true}]}}