{"id":341115,"date":"2023-11-23T14:00:24","date_gmt":"2023-11-23T13:00:24","guid":{"rendered":"https:\/\/www.radioluna.it\/news\/?p=341115"},"modified":"2023-11-23T13:53:01","modified_gmt":"2023-11-23T12:53:01","slug":"sicurezza-del-volo-al-comani-di-latina-una-giornata-dedicata","status":"publish","type":"post","link":"https:\/\/www.radioluna.it\/news\/2023\/11\/sicurezza-del-volo-al-comani-di-latina-una-giornata-dedicata\/","title":{"rendered":"Sicurezza del volo, al Comani di Latina una giornata dedicata"},"content":{"rendered":"<div id=\"fb-root\"><\/div>\n<p style=\"text-align: justify;\"><strong>LATINA<\/strong> &#8211; Nella mattina di gioved\u00ec 23 novembre presso l\u2019aeroporto militare \u201cEnrico Comani\u201d di Latina, si \u00e8 tenuta una giornata dedicata alla Sicurezza del Volo, che ha visto la partecipazione, non solo di personale dell\u2019Aeronautica Militare, ma anche di rappresentanti di Avio Superfici ed Aeroclub che insistono sul territorio pontino. Scopo dell\u2019incontro, che si ripete con cadenza annuale\u00a0 nel \u201cMid Air Collision Avoidance Day\u201d, Piano MACA, \u00e8 quello di favorire &#8220;la condivisione tra tutti gli utenti che interessano lo spazio aereo del CTR di Latina le procedure di volo locali, il tutto finalizzato a ridurre al massimo gli eventuali conflitti di traffico&#8221;. Nel corso del 2023, si sono svolti pi\u00f9 incontri presso le varie Avio Superfici ed Aeroclub limitrofi e l\u2019appuntamento al 70\u00b0 Stormo chiude, per quest\u2019anno, il lavoro svolto dal personale dell\u2019Ente in tema di Sicurezza del Volo.<\/p>\n<p style=\"text-align: justify;\">&#8220;Il costante aumento del volume di traffico aereo &#8211; spiegano dall&#8217;aeroporto militare di Latina\u00a0 dove ha sede la prestigiosa Scuola di Volo &#8211; anche in considerazione della notevole diffusione nel campo civile del Volo da Diporto o Sportivo (VDS), rende sempre pi\u00f9 attuale la potenzialit\u00e0 delle collisioni in volo, con conseguente necessit\u00e0 di intraprendere ogni possibile azione idonea ai fini della prevenzione. Alla luce di questi fattori, il meeting, dopo il saluto di benvenuto da parte del Comandante del 70\u00b0 Stormo Colonnello Piota Giuseppe BELLOMO, ha dato spazio ad interventi del personale dello Stormo qualificato Sicurezza Volo (SV) e Air Traffic Management (ATM), mirati ad evidenziare le peculiarit\u00e0 dello spazio aereo pontino e a fornire un\u2019analisi dei conflitti di traffico registrati localmente nel corso degli ultimi anni&#8221;.<\/p>\n<p style=\"text-align: justify;\">Il 70\u00b0 Stormo, avente sede sull&#8217;Aeroporto Militare &#8220;Enrico Comani&#8221; di Latina, \u00e8 posto alle dipendenze del Comando Scuole dell&#8217;Aeronautica Militare e 3\u00aa Regione Aerea con sede a Bari e da oltre sessant&#8217;anni assolve ai compiti istituzionali di selezionare e addestrare i futuri piloti militari dell&#8217;Aeronautica Militare, delle altre Forze Armate e Corpi Armati dello Stato e cadetti di altre Nazioni.<\/p>\n<p style=\"text-align: justify;\">\n","protected":false},"excerpt":{"rendered":"<p>LATINA &#8211; Nella mattina di gioved\u00ec 23 novembre presso l\u2019aeroporto militare \u201cEnrico Comani\u201d di Latina, si \u00e8 tenuta una giornata dedicata alla Sicurezza del Volo, che ha visto la partecipazione, non solo di personale dell\u2019Aeronautica Militare, ma anche di rappresentanti di Avio Superfici ed Aeroclub che insistono sul territorio pontino. Scopo dell\u2019incontro, che si ripete [&hellip;]<\/p>\n","protected":false},"author":60,"featured_media":341118,"comment_status":"open","ping_status":"open","sticky":false,"template":"","format":"gallery","meta":{"footnotes":""},"categories":[735,734],"tags":[],"class_list":["post-341115","post","type-post","status-publish","format-gallery","has-post-thumbnail","hentry","category-attualita","category-evidenza","post_format-post-format-gallery"],"_links":{"self":[{"href":"https:\/\/www.radioluna.it\/news\/wp-json\/wp\/v2\/posts\/341115","targetHints":{"allow":["GET"]}}],"collection":[{"href":"https:\/\/www.radioluna.it\/news\/wp-json\/wp\/v2\/posts"}],"about":[{"href":"https:\/\/www.radioluna.it\/news\/wp-json\/wp\/v2\/types\/post"}],"author":[{"embeddable":true,"href":"https:\/\/www.radioluna.it\/news\/wp-json\/wp\/v2\/users\/60"}],"replies":[{"embeddable":true,"href":"https:\/\/www.radioluna.it\/news\/wp-json\/wp\/v2\/comments?post=341115"}],"version-history":[{"count":1,"href":"https:\/\/www.radioluna.it\/news\/wp-json\/wp\/v2\/posts\/341115\/revisions"}],"predecessor-version":[{"id":341119,"href":"https:\/\/www.radioluna.it\/news\/wp-json\/wp\/v2\/posts\/341115\/revisions\/341119"}],"wp:featuredmedia":[{"embeddable":true,"href":"https:\/\/www.radioluna.it\/news\/wp-json\/wp\/v2\/media\/341118"}],"wp:attachment":[{"href":"https:\/\/www.radioluna.it\/news\/wp-json\/wp\/v2\/media?parent=341115"}],"wp:term":[{"taxonomy":"category","embeddable":true,"href":"https:\/\/www.radioluna.it\/news\/wp-json\/wp\/v2\/categories?post=341115"},{"taxonomy":"post_tag","embeddable":true,"href":"https:\/\/www.radioluna.it\/news\/wp-json\/wp\/v2\/tags?post=341115"}],"curies":[{"name":"wp","href":"https:\/\/api.w.org\/{rel}","templated":true}]}}