{"id":341146,"date":"2023-11-23T17:36:38","date_gmt":"2023-11-23T16:36:38","guid":{"rendered":"https:\/\/www.radioluna.it\/news\/?p=341146"},"modified":"2023-11-24T09:05:27","modified_gmt":"2023-11-24T08:05:27","slug":"latina-il-trio-fenice-per-i-concerti-dautunno-della-fondazione-campus-internazionale-di-musica","status":"publish","type":"post","link":"https:\/\/www.radioluna.it\/news\/2023\/11\/latina-il-trio-fenice-per-i-concerti-dautunno-della-fondazione-campus-internazionale-di-musica\/","title":{"rendered":"Latina, il Trio Fenice per i Concerti d\u2019autunno della Fondazione Campus Internazionale di Musica"},"content":{"rendered":"<div id=\"fb-root\"><\/div>\n<p style=\"text-align: justify;\"><strong>LATINA<\/strong> &#8211; Proseguono con successo i Concerti d\u2019autunno della Fondazione Campus Internazionale di Musica di Latina, reduce anche dall\u2019inaugurazione del Teatro Romano di Terracina, riportato alla sua funzione originaria dopo duemila anni, grazie a un\u2019imponente opera di restauro della Soprintendenza Archeologica delle province di Latina e Frosinone.<\/p>\n<p style=\"text-align: justify;\">I giovanissimi talenti protagonisti del prossimo concerto di\u00a0venerd\u00ec 24 novembre\u00a0(ore 18) al\u00a0Circolo Cittadino di Latina\u00a0hanno fra i 23 e i 26 anni.\u00a0Elenoir Javanmardi\u00a0violino,\u00a0Valentina Bionda\u00a0violoncello e\u00a0Federico Del Principio\u00a0pianoforte, hanno formato il\u00a0Trio Fenice\u00a0solamente due anni fa, distinguendosi da subito nel nuovo panorama cameristico italiano. \u201cIl\u00a0Trio \u2013 raccontano con entusiasmo i suoi componenti \u2013\u00a0prende il nome dalla figura mitologica che, come la musica, resiste e rinasce come valore superiore e assoluto, luce vincente e permanente attraverso il tempo\u201d. Dopo il corso di perfezionamento in musica da camera presso la Scuola di Musica di Fiesole, attualmente il Trio sta proseguendo gli studi\u00a0presso\u00a0lo Stauffer Center for Strings di Cremona nella classe del Quartetto di Cremona e dal 2022 \u00e8 entrato nella rete nazionale \u201cLe Dimore del Quartetto\u201d.<\/p>\n<p style=\"text-align: justify;\">Il loro debutto a Latina porta la firma di\u00a0Franz Schubert\u00a0e\u00a0Anton\u00edn Dvo\u0159ak. Di Schubert si ascolter\u00e0 il primo dei due Trii che il compositore austriaco dedic\u00f2 alla formazione per violino, violoncello e pianoforte, l\u2019op. 99 in si bemolle maggiore, scritto nel 1827, nel suo penultimo anno di vita, e ascoltato dall\u2019autore una sola, in una esecuzione privata, affidata tra l\u2019altro ad esecutori eccellenti, avvenuta nel gennaio 1828.\u00a0Come molti dei suoi capolavori strumentali, non ebbe all\u2019inizio alcuna diffusione esecutiva e fu pubblicato postumo soltanto nel 1836. A darne attenzione, appena pubblicato, e ad esaltarne tutte le qualit\u00e0 fu Robert Schumann che in veste di critico musicale sulla \u201cNeue Zeitschrift f\u00fcr Musik\u201d, ebbe a scrivere: \u00abUno sguardo al\u00a0Trio in si bemolle maggiore op. 99\u00a0di Schubert, e tutte le angosce della nostra condizione umana scompaiono, e tutto il mondo \u00e8 di nuovo pieno di freschezza e di luce\u00bb.<\/p>\n<p style=\"text-align: justify;\">Nella seconda parte del concerto toccher\u00e0 al\u00a0Trio per pianoforte \u201cDumky\u201d in mi minore n. 4 op. 90\u00a0di Dvo\u0159\u00e1k, ultimo e pi\u00f9 importante dei quattro che l\u2019autore boemo dedic\u00f2 a questo organico.\u00a0Scritto nel febbraio 1891 ed eseguito tre mesi dopo a Praga dallo stesso\u00a0Dvo\u0159\u00e1k al pianoforte, il pezzo recupera in sei movimenti temi e melodie popolari boeme, i\u00a0dumky\u00a0appunto, fra pagine elegiache, ballate e movimenti pi\u00f9 veloci.<\/p>\n<p style=\"text-align: justify;\">IL PROGRAMMA<\/p>\n<p>venerd\u00ec 24 novembre 2023 ore 18<br \/>\nLatina, Circolo Cittadino<br \/>\nTrio Fenice<br \/>\nElenoir Javanmardi, violino<br \/>\nValentina Bionda, violoncello<br \/>\nFederico Del Principio, pianoforte<br \/>\nFranz Schubert, Trio per pianoforte n. 1 op. 99<br \/>\nAntonin Dvo\u0159\u00e1k, Trio per pianoforte \u201cDumky\u201d n. 4 op. 90<br \/>\nin collaborazione con la Scuola di Musica di Fiesole<\/p>\n","protected":false},"excerpt":{"rendered":"<p>LATINA &#8211; Proseguono con successo i Concerti d\u2019autunno della Fondazione Campus Internazionale di Musica di Latina, reduce anche dall\u2019inaugurazione del Teatro Romano di Terracina, riportato alla sua funzione originaria dopo duemila anni, grazie a un\u2019imponente opera di restauro della Soprintendenza Archeologica delle province di Latina e Frosinone. I giovanissimi talenti protagonisti del prossimo concerto di\u00a0venerd\u00ec [&hellip;]<\/p>\n","protected":false},"author":60,"featured_media":341147,"comment_status":"open","ping_status":"open","sticky":false,"template":"","format":"standard","meta":{"footnotes":""},"categories":[16,734],"tags":[],"class_list":["post-341146","post","type-post","status-publish","format-standard","has-post-thumbnail","hentry","category-appuntamenti","category-evidenza"],"_links":{"self":[{"href":"https:\/\/www.radioluna.it\/news\/wp-json\/wp\/v2\/posts\/341146","targetHints":{"allow":["GET"]}}],"collection":[{"href":"https:\/\/www.radioluna.it\/news\/wp-json\/wp\/v2\/posts"}],"about":[{"href":"https:\/\/www.radioluna.it\/news\/wp-json\/wp\/v2\/types\/post"}],"author":[{"embeddable":true,"href":"https:\/\/www.radioluna.it\/news\/wp-json\/wp\/v2\/users\/60"}],"replies":[{"embeddable":true,"href":"https:\/\/www.radioluna.it\/news\/wp-json\/wp\/v2\/comments?post=341146"}],"version-history":[{"count":1,"href":"https:\/\/www.radioluna.it\/news\/wp-json\/wp\/v2\/posts\/341146\/revisions"}],"predecessor-version":[{"id":341148,"href":"https:\/\/www.radioluna.it\/news\/wp-json\/wp\/v2\/posts\/341146\/revisions\/341148"}],"wp:featuredmedia":[{"embeddable":true,"href":"https:\/\/www.radioluna.it\/news\/wp-json\/wp\/v2\/media\/341147"}],"wp:attachment":[{"href":"https:\/\/www.radioluna.it\/news\/wp-json\/wp\/v2\/media?parent=341146"}],"wp:term":[{"taxonomy":"category","embeddable":true,"href":"https:\/\/www.radioluna.it\/news\/wp-json\/wp\/v2\/categories?post=341146"},{"taxonomy":"post_tag","embeddable":true,"href":"https:\/\/www.radioluna.it\/news\/wp-json\/wp\/v2\/tags?post=341146"}],"curies":[{"name":"wp","href":"https:\/\/api.w.org\/{rel}","templated":true}]}}