{"id":341175,"date":"2023-11-24T07:36:26","date_gmt":"2023-11-24T06:36:26","guid":{"rendered":"https:\/\/www.radioluna.it\/news\/?p=341175"},"modified":"2023-11-24T09:24:12","modified_gmt":"2023-11-24T08:24:12","slug":"nominato-il-nuovo-consiglio-di-amministrazione-di-abc-palmerini-presidente","status":"publish","type":"post","link":"https:\/\/www.radioluna.it\/news\/2023\/11\/nominato-il-nuovo-consiglio-di-amministrazione-di-abc-palmerini-presidente\/","title":{"rendered":"Nominato il nuovo consiglio di amministrazione di Abc: Palmerini presidente"},"content":{"rendered":"<div id=\"fb-root\"><\/div>\n<p style=\"text-align: justify;\"><strong>LATINA &#8211;<\/strong>\u00a0 Sono Lorenzo Palmerini, con funzioni di Presidente, l\u2019avvocata Daniela Moscarino e l\u2019ingegnere ambientale Alessandro Angelini i nuovi componenti del Cda dell&#8217;Azienda Speciale del Comune di Latina Abc. La nomina \u00e8 arrivata gioved\u00ec sera, allo scadere del precedente CdA, dopo la selezione dei curricula presentati a seguito dell\u2019avviso pubblico del 27 ottobre 2023 e dei colloqui effettuati nei giorni scorsi.<\/p>\n<p style=\"text-align: justify;\">\u201cSi tratta \u2013 ha affermato la sindaca Celentano\u00a0 che ha proceduto alla nomina &#8211; di tre professionisti complementari tra loro, che sono risultati essere in possesso dei requisiti di comprovata competenza tecnica, amministrativa, giuridica e manageriale. Durante i colloqui, svolti con tutti i candidati ammessi, mi hanno particolarmente colpita per la forte motivazione che hanno mostrato nel ricoprire il ruolo di responsabilit\u00e0 con la finalit\u00e0 di contribuire alla riqualificazione del servizio rifiuti nella nostra citt\u00e0, senza alcun compenso e con il solo riconoscimento del rimborso spese come determinato con recente deliberazione di Consiglio comunale\u201d.<\/p>\n<p style=\"text-align: justify;\">CHI SONO &#8211; Lorenzo Palmerini, 58 anni, nativo di Cittaducale (Rieti) e da sempre residente a Latina, ha gi\u00e0 maturato esperienza nelle consulenze e nella gestione di societ\u00e0 anche nel settore ambientale, non ultimo ricoprendo il ruolo di curatore della fallita societ\u00e0 Latina Ambiente. Il professionista, con provate competenze, inoltre, ha prestato consulenza per la Commissione parlamentare d\u2019inchiesta sulle attivit\u00e0 illecite connesse al ciclo dei rifiuti nel corso della XVI Legislatura. Daniela Moscarino, di origini napoletane, 57 anni, oltre ad avere esperienza nell\u2019attivit\u00e0 forense, si \u00e8 distinta nel campo del management di societ\u00e0 multinazionali. Ingegnere per l\u2019ambiente e il territorio, Alessandro Angelini, nato a Roma 46 anni fa, ha competenza ed esperienza nell\u2019esercizio dell\u2019attivit\u00e0 professionale, a favore anche di enti pubblici, in materia ambientale e nei servizi di gestione dei rifiuti e di igiene urbana.<\/p>\n<p style=\"text-align: justify;\">Il Comune spiega che &#8220;entro i termini previsti dall\u2019avviso pubblico del 27 ottobre scorso, sono pervenute al Comune di Latina 21 proposte di candidatura, di cui 16 ammesse al procedimento. I colloqui con il sindaco Celentano sono avvenuti il 20 e il 21 novembre ultimi scorsi&#8221;. \u201cHo ascoltato tutti i candidati ammessi \u2013 ha commentato la prima cittadina \u2013 ma a guidarmi nella scelta finale, ricaduta sui tre professionisti nominati oggi, \u00e8 stata la loro idea di gestione del servizio nell\u2019ottica del miglioramento dello stesso, con correttivi per l\u2019incremento della raccolta differenziata e del raggiungimento della tariffa puntuale. Mi aspetto un cambio di passo veloce, che possa restituire quanto prima un aspetto decoro all\u2019intera citt\u00e0, ai borghi e alle periferie\u201d.<\/p>\n<p style=\"text-align: justify;\">\u201cAl nuovo consiglio di amministrazione \u2013 conclude la Celentano &#8211; auguro buon lavoro e ringrazio tutti i professionisti che hanno risposto all\u2019avviso per la candidatura al Cda dell\u2019azienda speciale. Ho conosciuto tecnici di grande valore ed ho apprezzato la loro disponibilit\u00e0 a mettersi in gioco malgrado l\u2019assenza di una remunerazione adeguata al ruolo\u201d.<\/p>\n","protected":false},"excerpt":{"rendered":"<p>LATINA &#8211;\u00a0 Sono Lorenzo Palmerini, con funzioni di Presidente, l\u2019avvocata Daniela Moscarino e l\u2019ingegnere ambientale Alessandro Angelini i nuovi componenti del Cda dell&#8217;Azienda Speciale del Comune di Latina Abc. La nomina \u00e8 arrivata gioved\u00ec sera, allo scadere del precedente CdA, dopo la selezione dei curricula presentati a seguito dell\u2019avviso pubblico del 27 ottobre 2023 e [&hellip;]<\/p>\n","protected":false},"author":62,"featured_media":283233,"comment_status":"open","ping_status":"open","sticky":false,"template":"","format":"standard","meta":{"footnotes":""},"categories":[8],"tags":[],"class_list":["post-341175","post","type-post","status-publish","format-standard","has-post-thumbnail","hentry","category-politica"],"_links":{"self":[{"href":"https:\/\/www.radioluna.it\/news\/wp-json\/wp\/v2\/posts\/341175","targetHints":{"allow":["GET"]}}],"collection":[{"href":"https:\/\/www.radioluna.it\/news\/wp-json\/wp\/v2\/posts"}],"about":[{"href":"https:\/\/www.radioluna.it\/news\/wp-json\/wp\/v2\/types\/post"}],"author":[{"embeddable":true,"href":"https:\/\/www.radioluna.it\/news\/wp-json\/wp\/v2\/users\/62"}],"replies":[{"embeddable":true,"href":"https:\/\/www.radioluna.it\/news\/wp-json\/wp\/v2\/comments?post=341175"}],"version-history":[{"count":1,"href":"https:\/\/www.radioluna.it\/news\/wp-json\/wp\/v2\/posts\/341175\/revisions"}],"predecessor-version":[{"id":341176,"href":"https:\/\/www.radioluna.it\/news\/wp-json\/wp\/v2\/posts\/341175\/revisions\/341176"}],"wp:featuredmedia":[{"embeddable":true,"href":"https:\/\/www.radioluna.it\/news\/wp-json\/wp\/v2\/media\/283233"}],"wp:attachment":[{"href":"https:\/\/www.radioluna.it\/news\/wp-json\/wp\/v2\/media?parent=341175"}],"wp:term":[{"taxonomy":"category","embeddable":true,"href":"https:\/\/www.radioluna.it\/news\/wp-json\/wp\/v2\/categories?post=341175"},{"taxonomy":"post_tag","embeddable":true,"href":"https:\/\/www.radioluna.it\/news\/wp-json\/wp\/v2\/tags?post=341175"}],"curies":[{"name":"wp","href":"https:\/\/api.w.org\/{rel}","templated":true}]}}