{"id":341250,"date":"2023-11-24T18:01:08","date_gmt":"2023-11-24T17:01:08","guid":{"rendered":"https:\/\/www.radioluna.it\/news\/?p=341250"},"modified":"2023-11-24T18:01:08","modified_gmt":"2023-11-24T17:01:08","slug":"due-scuole-superiori-di-latina-avviano-la-collaborazione-con-latium-experience","status":"publish","type":"post","link":"https:\/\/www.radioluna.it\/news\/2023\/11\/due-scuole-superiori-di-latina-avviano-la-collaborazione-con-latium-experience\/","title":{"rendered":"Due scuole superiori di Latina avviano la collaborazione con Latium Experience"},"content":{"rendered":"<div id=\"fb-root\"><\/div>\n<p style=\"text-align: justify;\">LATINA &#8211; La Destination Management Organization Latium Experience, associazione mista pubblico-privata nata per promuovere la destinazione turistica di 12 Comuni del Lazio con capofila il comune di Latina, annuncia l\u2019avvio di una collaborazione con due scuole secondarie di secondo grado di Latina. Le classi coinvolte sono due quarte dell\u2019indirizzo audiovisivo-multimediale del Liceo Artistico Michelangelo Buonarroti, coordinate dal Professor Massimiliano Lanzidei, docente di Laboratorio audiovisivo e multimediale, e la quinta A dell\u2019indirizzo turistico dell\u2019Istituto di Istruzione Superiore Vittorio Veneto Salvemini, coordinata dalla Professoressa Marilisa Subiaco, docente di Geografia turistica. Le due classi dell\u2019artistico assommano in tutto circa quaranta ragazzi, mentre quella del Salvemini quattordici. Si prevede che in corso d\u2019opera altre due classi del Buonarroti si uniscano al progetto.<\/p>\n<p style=\"text-align: justify;\">I ragazzi del Buonarroti realizzeranno alcuni video da divulgare su TikTok. Li ambienteranno in alcuni punti del territorio rappresentato dalla DMO e sfrutteranno le suggestioni caratteristiche della piattaforma, cio\u00e8 i trend, i topic e i dinamismi linguistici per \u201ccolpire\u201d i propri coetanei con le bellezze di Latina e provincia. Saranno loro stessi i direttori creativi dei video, decidendone trama e contenuti in autonomia, sotto la supervisione del Prof. Lanzidei.<\/p>\n<p style=\"text-align: justify;\">Alla quinta A del Salvemini tocca invece un compito pi\u00f9 tecnico, in considerazione del contenuto del corso di studi. Gli studenti elaboreranno due itinerari di tre giorni e due notti destinati al giubileo 2025, uno relativo alle citt\u00e0 di fondazione e uno di turismo religioso. Il primo si rivolge a un target adulto mentre il secondo \u00e8 per i giovani. Anche qui avremo dunque giovani che parlano ai giovani col linguaggio della loro et\u00e0, sia pure su un piano diverso dal puro social media perch\u00e9 veicolato attraverso la piattaforma della DMO, cio\u00e8 il sito di Latium Experience. Il periodo cui si riferiranno i due itinerari andr\u00e0 da dicembre 2024 a gennaio 2026, con speciale riguardo ad autunno e primavera, per destagionalizzare. L\u2019obiettivo \u00e8 avvicinare a Latina il turista religioso (pure il programma dedicato alle citt\u00e0 di fondazione si rivolger\u00e0 di fatto a questo segmento, dato il periodo giubilare). La figura chiave \u00e8 Santa Maria Goretti, martire del periodo della bonifica, ma molto si punter\u00e0 anche sulle splendide abbazie di Fossanova e Valvisciolo per poi spostarsi sul litorale di Sabaudia, che fa parte del parco nazionale del Circeo, ossia di ci\u00f2 che resta della pi\u00f9 grande foresta planiziaria d\u2019Europa. I programmi faranno adeguato ricorso alle degustazioni, punti forti del latinese considerato il gran numero di specialit\u00e0 tipiche e molto amate dai ragazzi.<\/p>\n<p style=\"text-align: justify;\">\u00abQuesta collaborazione\u00bb, afferma la Destination Manager\u00a0Paola Cosimi, \u00absottolinea la sempre maggiore attenzione alle sinergie tra mondo scolastico, imprese e istituzioni come necessarie allo sviluppo e al benessere del territorio\u00bb.<\/p>\n<p>&nbsp;<\/p>\n<div class=\"radio-posizionamento-telefono-in-articoli-dopo-il-contenuto-articolo radio-entity-placement\" id=\"radio-4014419713\"><div id=\"radio-1583089113\" style=\"width: 300px;height: 250px;\"><a href=\"https:\/\/www.icarspa.it\/auto\/usate\/latina\/\" aria-label=\"banner aprile icar new life &#8211; auto usate latina\"><img loading=\"lazy\" decoding=\"async\" src=\"https:\/\/www.radioluna.it\/news\/wp-content\/uploads\/2026\/02\/banner-aprile-icar-new-life-auto-usate-latina.gif\" alt=\"\"  width=\"300\" height=\"250\"   \/><\/a><\/div><\/div>","protected":false},"excerpt":{"rendered":"<p>LATINA &#8211; La Destination Management Organization Latium Experience, associazione mista pubblico-privata nata per promuovere la destinazione turistica di 12 Comuni del Lazio con capofila il comune di Latina, annuncia l\u2019avvio di una collaborazione con due scuole secondarie di secondo grado di Latina. Le classi coinvolte sono due quarte dell\u2019indirizzo audiovisivo-multimediale del Liceo Artistico Michelangelo Buonarroti, [&hellip;]<\/p>\n","protected":false},"author":60,"featured_media":0,"comment_status":"open","ping_status":"open","sticky":false,"template":"","format":"standard","meta":{"footnotes":""},"categories":[734,248],"tags":[],"class_list":["post-341250","post","type-post","status-publish","format-standard","hentry","category-evidenza","category-istruzione"],"_links":{"self":[{"href":"https:\/\/www.radioluna.it\/news\/wp-json\/wp\/v2\/posts\/341250","targetHints":{"allow":["GET"]}}],"collection":[{"href":"https:\/\/www.radioluna.it\/news\/wp-json\/wp\/v2\/posts"}],"about":[{"href":"https:\/\/www.radioluna.it\/news\/wp-json\/wp\/v2\/types\/post"}],"author":[{"embeddable":true,"href":"https:\/\/www.radioluna.it\/news\/wp-json\/wp\/v2\/users\/60"}],"replies":[{"embeddable":true,"href":"https:\/\/www.radioluna.it\/news\/wp-json\/wp\/v2\/comments?post=341250"}],"version-history":[{"count":0,"href":"https:\/\/www.radioluna.it\/news\/wp-json\/wp\/v2\/posts\/341250\/revisions"}],"wp:attachment":[{"href":"https:\/\/www.radioluna.it\/news\/wp-json\/wp\/v2\/media?parent=341250"}],"wp:term":[{"taxonomy":"category","embeddable":true,"href":"https:\/\/www.radioluna.it\/news\/wp-json\/wp\/v2\/categories?post=341250"},{"taxonomy":"post_tag","embeddable":true,"href":"https:\/\/www.radioluna.it\/news\/wp-json\/wp\/v2\/tags?post=341250"}],"curies":[{"name":"wp","href":"https:\/\/api.w.org\/{rel}","templated":true}]}}