{"id":341334,"date":"2023-11-25T12:27:21","date_gmt":"2023-11-25T11:27:21","guid":{"rendered":"https:\/\/www.radioluna.it\/news\/?p=341334"},"modified":"2023-11-27T08:21:27","modified_gmt":"2023-11-27T07:21:27","slug":"cisterna-volley-giocatori-in-campo-con-il-baffo-rosso-e-un-minuto-di-rumore-prima-del-match-con-modena","status":"publish","type":"post","link":"https:\/\/www.radioluna.it\/news\/2023\/11\/cisterna-volley-giocatori-in-campo-con-il-baffo-rosso-e-un-minuto-di-rumore-prima-del-match-con-modena\/","title":{"rendered":"Cisterna Volley, giocatori in campo con il baffo rosso e un minuto di rumore prima del match con Modena"},"content":{"rendered":"<div id=\"fb-root\"><\/div>\n<p style=\"text-align: justify;\"><strong>LATINA &#8211;\u00a0 <\/strong>Anche il volley pontino celebra oggi la Giornata Internazionale \u00a0per l&#8217;eliminazione della violenza contro le donne. Al palazzetto dello sport di Via delle Province dove si gioca (alle 18) l&#8217;incontro tra Cisterna Volley e Modena per la 7\u00b0 giornata del massimo campionato di pallavolo, prima della partita verr\u00e0 osservato il minuto di rumore, che sostituir\u00e0 il canonico minuto di silenzio e verr\u00e0 osservato su tutti i campi di pallavolo di ogni ordine e grado, perch\u00e9 la Federazione Italiana Pallavolo e la Lega Pallavolo Serie A aderiranno alla \u201cGiornata Internazionale contro la violenza sulle Donne\u201d indetta dall\u2019ONU. Prima di ciascuna gara, con le squadre schierate in campo e con gli atleti con baffo rosso sul volto, verr\u00e0 letto da ciascuno speaker il messaggio di sensibilizzazione. \u201cIl cambiamento culturale, vero e definitivo, dipende da noi. Non basta uno slogan per fermare tutta questa violenza, ma \u00e8 necessario che ciascuno di noi faccia la propria parte. \u00a0La Presidenza del Consiglio dei Ministri \u2013 Dipartimento per le Pari Opportunit\u00e0 \u2013 ha attivato un numero gratuito antiviolenza e stalking: il 1522. Se necessario utilizziamolo\u201d.<\/p>\n<p style=\"text-align: justify;\">Inoltre al palazzetto di viale delle Province ci sar\u00e0 un\u2019ulteriore iniziativa perch\u00e9 l\u2019amministrazione comunale di Cisterna celebra la Giornata con una maglietta che verr\u00e0 fatta indossare dai giocatori: la maglia ritrae il quadro di un noto artista della comunit\u00e0 cisternese, Mario Spigariol, per dire no alla violenza sulle donne.<\/p>\n","protected":false},"excerpt":{"rendered":"<p>LATINA &#8211;\u00a0 Anche il volley pontino celebra oggi la Giornata Internazionale \u00a0per l&#8217;eliminazione della violenza contro le donne. Al palazzetto dello sport di Via delle Province dove si gioca (alle 18) l&#8217;incontro tra Cisterna Volley e Modena per la 7\u00b0 giornata del massimo campionato di pallavolo, prima della partita verr\u00e0 osservato il minuto di rumore, [&hellip;]<\/p>\n","protected":false},"author":62,"featured_media":341335,"comment_status":"open","ping_status":"open","sticky":false,"template":"","format":"standard","meta":{"footnotes":""},"categories":[17],"tags":[],"class_list":["post-341334","post","type-post","status-publish","format-standard","has-post-thumbnail","hentry","category-sport"],"_links":{"self":[{"href":"https:\/\/www.radioluna.it\/news\/wp-json\/wp\/v2\/posts\/341334","targetHints":{"allow":["GET"]}}],"collection":[{"href":"https:\/\/www.radioluna.it\/news\/wp-json\/wp\/v2\/posts"}],"about":[{"href":"https:\/\/www.radioluna.it\/news\/wp-json\/wp\/v2\/types\/post"}],"author":[{"embeddable":true,"href":"https:\/\/www.radioluna.it\/news\/wp-json\/wp\/v2\/users\/62"}],"replies":[{"embeddable":true,"href":"https:\/\/www.radioluna.it\/news\/wp-json\/wp\/v2\/comments?post=341334"}],"version-history":[{"count":1,"href":"https:\/\/www.radioluna.it\/news\/wp-json\/wp\/v2\/posts\/341334\/revisions"}],"predecessor-version":[{"id":341336,"href":"https:\/\/www.radioluna.it\/news\/wp-json\/wp\/v2\/posts\/341334\/revisions\/341336"}],"wp:featuredmedia":[{"embeddable":true,"href":"https:\/\/www.radioluna.it\/news\/wp-json\/wp\/v2\/media\/341335"}],"wp:attachment":[{"href":"https:\/\/www.radioluna.it\/news\/wp-json\/wp\/v2\/media?parent=341334"}],"wp:term":[{"taxonomy":"category","embeddable":true,"href":"https:\/\/www.radioluna.it\/news\/wp-json\/wp\/v2\/categories?post=341334"},{"taxonomy":"post_tag","embeddable":true,"href":"https:\/\/www.radioluna.it\/news\/wp-json\/wp\/v2\/tags?post=341334"}],"curies":[{"name":"wp","href":"https:\/\/api.w.org\/{rel}","templated":true}]}}