{"id":341399,"date":"2023-11-27T16:34:25","date_gmt":"2023-11-27T15:34:25","guid":{"rendered":"https:\/\/www.radioluna.it\/news\/?p=341399"},"modified":"2023-11-27T16:34:25","modified_gmt":"2023-11-27T15:34:25","slug":"latina-approvato-il-nuovo-regolamento-dehors","status":"publish","type":"post","link":"https:\/\/www.radioluna.it\/news\/2023\/11\/latina-approvato-il-nuovo-regolamento-dehors\/","title":{"rendered":"Latina, approvato il nuovo regolamento Dehors"},"content":{"rendered":"<div id=\"fb-root\"><\/div>\n<p>LATINA &#8211; E&#8217; stato approvato in commissione Attivit\u00e0 Produttive il nuovo regolamento dehors. &#8220;Nella riunione di oggi della commissione Attivit\u00e0 Produttive \u00e8 stato approvato all&#8217;unanimit\u00e0 il nuovo regolamento dehors. Il lavoro svolto \u00e8 stato complesso &#8211; ha detto il presidente di commissione Dino Iavarone &#8211; in quanto ha coinvolto, oltre agli uffici del SUAP, quello delle entrate, i settori ambiente, mobilit\u00e0 e la Polizia Municipale, ognuno per la propria parte di competenza. Come parte politica nelle scorse sedute abbiamo ascoltato i suggerimenti degli operatori del settore e delle associazioni di categoria, per arrivare ad un documento ampiamente condiviso e che vada incontro alle esigenze di tutti&#8221;.<\/p>\n<p>Le principali novit\u00e0:<\/p>\n<p>&#8211; Durata della concessione \u00e8 stata portata da 2 a 3 anni;<\/p>\n<p>&#8211; La richiesta di rinnovo, in assenza di modifiche, potr\u00e0 essere fatta tramite autocertificazione, direttamente dal titolare (non c&#8217;\u00e8 pi\u00f9 bisogno di rifare tutta la pratica e non c&#8217;\u00e8 bisogno di affidarsi ad un tecnico);<\/p>\n<p>&#8211; l&#8217;altezza degli elementi di delimitazione del dehors sono stati alzati da 1 metro a 1,5 metri;<\/p>\n<p>&#8211; nel caso di cambio gestione dell&#8217;attivit\u00e0 commerciale, c&#8217;\u00e8 la possibilit\u00e0 di subentrare nella concessione in essere per il dehors;<\/p>\n<p>&#8211; \u00e8 stata eliminata la polizza fideiussoria nel caso di occupazione suolo pubblico per tavoli e sedie;<\/p>\n<p>&#8211; reintrodotto il deposito cauzionale, a causa dei troppi casi di mancata rimozione a seguito di cessazione attivit\u00e0 da parte degli esercenti;<\/p>\n<p>&#8211; prevista l&#8217;esposizione di una targhetta recante gli estremi dell&#8217;autorizzazione per facilitare le operazioni di verifica da parte degli organi preposti (municipale e responsabili dogre);<\/p>\n<p>&#8211; introdotta la possibilit\u00e0 di utilizzare aree verdi non piantumate previa istruttoria degli uffici competenti.<\/p>\n","protected":false},"excerpt":{"rendered":"<p>LATINA &#8211; E&#8217; stato approvato in commissione Attivit\u00e0 Produttive il nuovo regolamento dehors. &#8220;Nella riunione di oggi della commissione Attivit\u00e0 Produttive \u00e8 stato approvato all&#8217;unanimit\u00e0 il nuovo regolamento dehors. Il lavoro svolto \u00e8 stato complesso &#8211; ha detto il presidente di commissione Dino Iavarone &#8211; in quanto ha coinvolto, oltre agli uffici del SUAP, quello [&hellip;]<\/p>\n","protected":false},"author":60,"featured_media":335842,"comment_status":"open","ping_status":"open","sticky":false,"template":"","format":"standard","meta":{"footnotes":""},"categories":[8],"tags":[],"class_list":["post-341399","post","type-post","status-publish","format-standard","has-post-thumbnail","hentry","category-politica"],"_links":{"self":[{"href":"https:\/\/www.radioluna.it\/news\/wp-json\/wp\/v2\/posts\/341399","targetHints":{"allow":["GET"]}}],"collection":[{"href":"https:\/\/www.radioluna.it\/news\/wp-json\/wp\/v2\/posts"}],"about":[{"href":"https:\/\/www.radioluna.it\/news\/wp-json\/wp\/v2\/types\/post"}],"author":[{"embeddable":true,"href":"https:\/\/www.radioluna.it\/news\/wp-json\/wp\/v2\/users\/60"}],"replies":[{"embeddable":true,"href":"https:\/\/www.radioluna.it\/news\/wp-json\/wp\/v2\/comments?post=341399"}],"version-history":[{"count":0,"href":"https:\/\/www.radioluna.it\/news\/wp-json\/wp\/v2\/posts\/341399\/revisions"}],"wp:featuredmedia":[{"embeddable":true,"href":"https:\/\/www.radioluna.it\/news\/wp-json\/wp\/v2\/media\/335842"}],"wp:attachment":[{"href":"https:\/\/www.radioluna.it\/news\/wp-json\/wp\/v2\/media?parent=341399"}],"wp:term":[{"taxonomy":"category","embeddable":true,"href":"https:\/\/www.radioluna.it\/news\/wp-json\/wp\/v2\/categories?post=341399"},{"taxonomy":"post_tag","embeddable":true,"href":"https:\/\/www.radioluna.it\/news\/wp-json\/wp\/v2\/tags?post=341399"}],"curies":[{"name":"wp","href":"https:\/\/api.w.org\/{rel}","templated":true}]}}