{"id":341654,"date":"2023-11-30T17:44:44","date_gmt":"2023-11-30T16:44:44","guid":{"rendered":"https:\/\/www.radioluna.it\/news\/?p=341654"},"modified":"2023-12-06T13:28:53","modified_gmt":"2023-12-06T12:28:53","slug":"prevenzione-hiv-la-via-dei-pub-di-latina-si-illumina","status":"publish","type":"post","link":"https:\/\/www.radioluna.it\/news\/2023\/11\/prevenzione-hiv-la-via-dei-pub-di-latina-si-illumina\/","title":{"rendered":"Prevenzione Hiv, la Via dei Pub di Latina si illumina"},"content":{"rendered":"<div id=\"fb-root\"><\/div>\n<p style=\"text-align: justify;\"><strong>LATINA<\/strong> &#8211; Mentre prosegue con successo la Testing Week\u00a0 in corso al Checkpoint di Via Legnano a Latina in occasione del 1\u00b0 dicembre, Giornata mondiale per la lotta contro all&#8217;HIV-AIDS, i volontari tornano nella zona pub con l\u2019evento \u201cIlluminiamo la notte\u201d, all\u2019insegna della prevenzione e riduzione del danno in collaborazione con Progetto Flex. Verr\u00e0 distribuito materiale informativo, condom maschili e femminili gratuiti, alcol test e verranno effettuati test per HIV e altre malattie sessualmente trasmissibili.<img loading=\"lazy\" decoding=\"async\" class=\" wp-image-341657 alignright\" src=\"https:\/\/www.radioluna.it\/news\/wp-content\/uploads\/2023\/11\/la-via-dei-pub.jpg\" alt=\"\" width=\"213\" height=\"213\" srcset=\"https:\/\/www.radioluna.it\/news\/wp-content\/uploads\/2023\/11\/la-via-dei-pub.jpg 1080w, https:\/\/www.radioluna.it\/news\/wp-content\/uploads\/2023\/11\/la-via-dei-pub-768x768.jpg 768w, https:\/\/www.radioluna.it\/news\/wp-content\/uploads\/2023\/11\/la-via-dei-pub-80x80.jpg 80w\" sizes=\"auto, (max-width: 213px) 100vw, 213px\" \/><\/p>\n<p style=\"text-align: justify;\">\u201cIn occasione del 1 dicembre di quest&#8217;anno ribadiamo l&#8217;importanza e la centralit\u00e0 del Checkpoint sul territorio di Latina, in ambito di educazione sessuale e di prevenzione delle infezioni sessualmente trasmissibili, non in un&#8217;ottica proibizionista, bens\u00ec con un approccio non giudicante e di riduzione del danno &#8211;\u00a0 spiega <strong>Laura Lubrano,\u00a0 delegata Salute di Arcigay Latina seicomesei<\/strong> &#8211; Siamo diventati il punto di riferimento di tante persone giovani e meno giovani che periodicamente vengono sia dalla zona nord che sud della nostra provincia (e non solo) per controllare il proprio stato di salute ed esplorare grazie alla nostra attivit\u00e0 di counseling tutti gli strumenti di prevenzione che ad oggi abbiamo a disposizione. Il Checkpoint \u00e8 in crescita e non vediamo l&#8217;ora di porci nuovi obiettivi per raggiungere quante pi\u00f9 persone possibili della comunit\u00e0.\u201d<\/p>\n<audio class=\"wp-audio-shortcode\" id=\"audio-341654-1\" preload=\"none\" style=\"width: 100%;\" controls=\"controls\"><source type=\"audio\/mpeg\" src=\"https:\/\/www.radioluna.it\/news\/wp-content\/uploads\/2023\/11\/laura-hiv-ceckpoint.mp3?_=1\" \/><a href=\"https:\/\/www.radioluna.it\/news\/wp-content\/uploads\/2023\/11\/laura-hiv-ceckpoint.mp3\">https:\/\/www.radioluna.it\/news\/wp-content\/uploads\/2023\/11\/laura-hiv-ceckpoint.mp3<\/a><\/audio>\n<p style=\"text-align: justify;\">\u201cIl Latina Checkpoint \u00e8 uno spazio accogliente, deospedalizzato, un luogo sicuro, creato dalle persone per le persone dove effettuare test rapidi e anonimi per HIV e altre IST e parlare liberamente di salute sessuale &#8211; ricorda la <strong>Presidente, Anelise Carnevale<\/strong> &#8211;\u00a0 un servizio importante e imprescindibile della nostra associazione Arcigay Latina Seicomesei che restituiamo alla citt\u00e0 grazie al costante lavoro che le persone volontarie portano avanti. Sono proprio l\u2019impegno e la lotta allo stigma che rappresentano al meglio la comunit\u00e0 LGBTQIA+ che ha saputo liberarsi costruendo spazi a disposizione di tutte e tutti.\u201d<\/p>\n<p style=\"text-align: justify;\"><img loading=\"lazy\" decoding=\"async\" class=\" wp-image-341664 alignleft\" src=\"https:\/\/www.radioluna.it\/news\/wp-content\/uploads\/2023\/11\/test.jpg\" alt=\"\" width=\"315\" height=\"315\" srcset=\"https:\/\/www.radioluna.it\/news\/wp-content\/uploads\/2023\/11\/test.jpg 1080w, https:\/\/www.radioluna.it\/news\/wp-content\/uploads\/2023\/11\/test-768x768.jpg 768w, https:\/\/www.radioluna.it\/news\/wp-content\/uploads\/2023\/11\/test-80x80.jpg 80w\" sizes=\"auto, (max-width: 315px) 100vw, 315px\" \/>Il checkpoint di Latina lavora anche per abbattere lo stigma della malattia ancora presente nella societ\u00e0: &#8220;Da molti anni le persone che vivono con HIV soffrono a causa dello stigma che le indica come uniche colpevoli della diffusione del virus &#8211; specifica <strong>Alessandro Girardi,\u00a0 responsabile del Checkpoint<\/strong>\u00a0 &#8211; Le terapie farmacologiche attualmente in uso permettono di riscrivere questo paradigma, per cui oggi chi assume regolarmente i farmaci che azzerano la carica virale non pu\u00f2 trasmettere il virus ad altre persone, anche in caso di rapporti sessuali non protetti! U=U (Undetectable = Untransmittable, Non rilevabile = Non trasmissibile) \u00e8 l\u2019equazione che ci permette di scardinare il pregiudizio nei confronti di chi vive con HIV e costruire una societ\u00e0 pi\u00f9 consapevole e meno giudicante.\u201d<\/p>\n","protected":false},"excerpt":{"rendered":"<p>LATINA &#8211; Mentre prosegue con successo la Testing Week\u00a0 in corso al Checkpoint di Via Legnano a Latina in occasione del 1\u00b0 dicembre, Giornata mondiale per la lotta contro all&#8217;HIV-AIDS, i volontari tornano nella zona pub con l\u2019evento \u201cIlluminiamo la notte\u201d, all\u2019insegna della prevenzione e riduzione del danno in collaborazione con Progetto Flex. Verr\u00e0 distribuito [&hellip;]<\/p>\n","protected":false},"author":60,"featured_media":341659,"comment_status":"open","ping_status":"open","sticky":false,"template":"","format":"standard","meta":{"footnotes":""},"categories":[735],"tags":[],"class_list":["post-341654","post","type-post","status-publish","format-standard","has-post-thumbnail","hentry","category-attualita"],"_links":{"self":[{"href":"https:\/\/www.radioluna.it\/news\/wp-json\/wp\/v2\/posts\/341654","targetHints":{"allow":["GET"]}}],"collection":[{"href":"https:\/\/www.radioluna.it\/news\/wp-json\/wp\/v2\/posts"}],"about":[{"href":"https:\/\/www.radioluna.it\/news\/wp-json\/wp\/v2\/types\/post"}],"author":[{"embeddable":true,"href":"https:\/\/www.radioluna.it\/news\/wp-json\/wp\/v2\/users\/60"}],"replies":[{"embeddable":true,"href":"https:\/\/www.radioluna.it\/news\/wp-json\/wp\/v2\/comments?post=341654"}],"version-history":[{"count":4,"href":"https:\/\/www.radioluna.it\/news\/wp-json\/wp\/v2\/posts\/341654\/revisions"}],"predecessor-version":[{"id":341665,"href":"https:\/\/www.radioluna.it\/news\/wp-json\/wp\/v2\/posts\/341654\/revisions\/341665"}],"wp:featuredmedia":[{"embeddable":true,"href":"https:\/\/www.radioluna.it\/news\/wp-json\/wp\/v2\/media\/341659"}],"wp:attachment":[{"href":"https:\/\/www.radioluna.it\/news\/wp-json\/wp\/v2\/media?parent=341654"}],"wp:term":[{"taxonomy":"category","embeddable":true,"href":"https:\/\/www.radioluna.it\/news\/wp-json\/wp\/v2\/categories?post=341654"},{"taxonomy":"post_tag","embeddable":true,"href":"https:\/\/www.radioluna.it\/news\/wp-json\/wp\/v2\/tags?post=341654"}],"curies":[{"name":"wp","href":"https:\/\/api.w.org\/{rel}","templated":true}]}}