{"id":341703,"date":"2023-12-01T11:37:15","date_gmt":"2023-12-01T10:37:15","guid":{"rendered":"https:\/\/www.radioluna.it\/news\/?p=341703"},"modified":"2023-12-01T11:37:31","modified_gmt":"2023-12-01T10:37:31","slug":"latina-al-dannunzio-arriva-silvio-orlando-e-il-bambino-momo","status":"publish","type":"post","link":"https:\/\/www.radioluna.it\/news\/2023\/12\/latina-al-dannunzio-arriva-silvio-orlando-e-il-bambino-momo\/","title":{"rendered":"Al D&#8217;Annunzio arriva Silvio Orlando: \u00e8 il bambino Momo"},"content":{"rendered":"<div id=\"fb-root\"><\/div>\n<p style=\"text-align: justify;\"><strong>LATINA<\/strong> &#8211; E&#8217; aperta la vendita dei biglietti per gli spettacoli del D&#8217;Annunzio, e sar\u00e0 ancora possibile abbonarsi alla stagione 2023-24 a cura del Comune di Latina e ATCL che inizia il 5 dicembre alle 21 con <strong>Silvio Orlando<\/strong>, che cura anche riduzione e regia, in <strong>LA VITA DAVANTI A S\u00c9<\/strong> di Romain Gary (Emile Ajar), traduzione di Giovanni Bagliolo (edizione Biblioteca Neri Pozza), con in scena Daniele Mutino fisarmonica; Roberto Napoletano percussioni; Luca Sbardella clarinetto\/sax; Kaw Sissoko kora\/djembe.<\/p>\n<p style=\"text-align: justify;\">Pubblicato nel 1975 e adattato per il cinema nel 1977, al centro di un discusso Premio Goncourt, La vita davanti a s\u00e9 di Romain Gary \u00e8 la storia di Mom\u00f2, bimbo arabo di dieci anni che vive nel quartiere multietnico di Belleville nella pensione di Madame Rosa, anziana ex prostituta ebrea che ora sbarca il lunario prendendosi cura degli \u201cincidenti sul lavoro\u201d delle colleghe pi\u00f9 giovani. Un romanzo commovente e ancora attualissimo, che racconta di vite sgangherate che vanno alla rovescia, ma anche di un\u2019improbabile storia d\u2019amore toccata dalla grazia.<\/p>\n<p style=\"text-align: justify;\"><strong>Silvio Orlando ci conduce dentro le pagine del libro con la leggerezza e l\u2019ironia di Mom\u00f2 diventando, con naturalezza, quel bambino nel suo dramma<\/strong>. Un autentico capolavoro \u201cper tutti\u201d dove la commozione e il divertimento si inseguono senza respiro. <strong>Il messaggio: BISOGNA VOLER BENE.<\/strong><\/p>\n<p style=\"text-align: justify;\">SILVIO ORLANDO in<\/p>\n<p style=\"text-align: justify;\">LA VITA DAVANTI A S\u00c9<\/p>\n<p style=\"text-align: justify;\">traduzione Giovanni Bagliolo edizione Biblioteca Neri Pozza<\/p>\n<p style=\"text-align: justify;\">tratto dal romanzo \u201cLa Vie Devant soi\u201d di ROMAIN GARY Emile Ajar<\/p>\n<p style=\"text-align: justify;\">\u00a9 Mercure de France, diritti teatrali gestiti dalle edizioni Gallimard<\/p>\n<p style=\"text-align: justify;\">con il nome di \u201cRoman Gary\u201d come autore dell\u2019opera originale<\/p>\n<p style=\"text-align: justify;\">e con<\/p>\n<p style=\"text-align: justify;\">Daniele Mutino fisarmonica<\/p>\n<p style=\"text-align: justify;\">Roberto Napoletano percussioni<\/p>\n<p style=\"text-align: justify;\">Luca Sbardella clarinetto\/sax<\/p>\n<p style=\"text-align: justify;\">Kaw Sissoko kora\/djembe<\/p>\n<p style=\"text-align: justify;\">scene Roberto Crea<\/p>\n<p style=\"text-align: justify;\">disegno luci Valerio Peroni<\/p>\n<p style=\"text-align: justify;\">costumi Piera Mura<\/p>\n<p>organizzazione Maria Laura Rondanini<\/p>\n<p>direzione tecnica Luigi Flammia<\/p>\n<p>datore luci Federico Calzini<\/p>\n<p>fonico Gianrocco Bruno<\/p>\n<p>management Vittorio Stasi<\/p>\n<p>&nbsp;<\/p>\n<p>riduzione e regia di SILVIO ORLANDO<\/p>\n<p>produzione Cardellino srl<\/p>\n<p>&nbsp;<\/p>\n<p>Teatro Comunale D\u2019Annunzio: viale Umberto I n. 43 &#8211; Latina<\/p>\n<p>Botteghino del teatro: aperto gioved\u00ec e venerd\u00ec ore 16-19; sabato ore 10-13 e 16-19<\/p>\n<p>E nei giorni di spettacolo da 1 ora prima<\/p>\n<p>Biglietti on line su ticketone.it<\/p>\n<p>Info: 0773 652642; teatrodannunziolatina@gmail.com<\/p>\n<p>&nbsp;<\/p>\n<p>Abbonamenti<\/p>\n<p>Platea: Intero 180 \u20ac &#8211; Ridotto 170 \u20ac<\/p>\n<p>Palchi platea, I Galleria, Palchi galleria I ord: Intero 170 \u20ac &#8211; Ridotto 160 \u20ac<\/p>\n<p>II Galleria, Palchi galleria II ord: Intero 150 \u20ac &#8211; Ridotto 140 \u20ac<\/p>\n<p>&nbsp;<\/p>\n<p>Biglietti<\/p>\n<p>Platea: Intero 27 \u20ac +d.p. &#8211; Ridotto 25 \u20ac+d.p<\/p>\n<p>Palchi platea, I Galleria, Palchi galleria I ord: Intero 25 \u20ac +d.p. &#8211; Ridotto 23 \u20ac+d.p.<\/p>\n<p>II Galleria, Palchi galleria II ord: Intero 22 \u20ac +d.p. &#8211; Ridotto 20 \u20ac+d.p.<\/p>\n<p>&nbsp;<\/p>\n<p>&nbsp;<\/p>\n","protected":false},"excerpt":{"rendered":"<p>LATINA &#8211; E&#8217; aperta la vendita dei biglietti per gli spettacoli del D&#8217;Annunzio, e sar\u00e0 ancora possibile abbonarsi alla stagione 2023-24 a cura del Comune di Latina e ATCL che inizia il 5 dicembre alle 21 con Silvio Orlando, che cura anche riduzione e regia, in LA VITA DAVANTI A S\u00c9 di Romain Gary (Emile [&hellip;]<\/p>\n","protected":false},"author":62,"featured_media":341704,"comment_status":"open","ping_status":"open","sticky":false,"template":"","format":"standard","meta":{"footnotes":""},"categories":[16,734],"tags":[],"class_list":["post-341703","post","type-post","status-publish","format-standard","has-post-thumbnail","hentry","category-appuntamenti","category-evidenza"],"_links":{"self":[{"href":"https:\/\/www.radioluna.it\/news\/wp-json\/wp\/v2\/posts\/341703","targetHints":{"allow":["GET"]}}],"collection":[{"href":"https:\/\/www.radioluna.it\/news\/wp-json\/wp\/v2\/posts"}],"about":[{"href":"https:\/\/www.radioluna.it\/news\/wp-json\/wp\/v2\/types\/post"}],"author":[{"embeddable":true,"href":"https:\/\/www.radioluna.it\/news\/wp-json\/wp\/v2\/users\/62"}],"replies":[{"embeddable":true,"href":"https:\/\/www.radioluna.it\/news\/wp-json\/wp\/v2\/comments?post=341703"}],"version-history":[{"count":2,"href":"https:\/\/www.radioluna.it\/news\/wp-json\/wp\/v2\/posts\/341703\/revisions"}],"predecessor-version":[{"id":341706,"href":"https:\/\/www.radioluna.it\/news\/wp-json\/wp\/v2\/posts\/341703\/revisions\/341706"}],"wp:featuredmedia":[{"embeddable":true,"href":"https:\/\/www.radioluna.it\/news\/wp-json\/wp\/v2\/media\/341704"}],"wp:attachment":[{"href":"https:\/\/www.radioluna.it\/news\/wp-json\/wp\/v2\/media?parent=341703"}],"wp:term":[{"taxonomy":"category","embeddable":true,"href":"https:\/\/www.radioluna.it\/news\/wp-json\/wp\/v2\/categories?post=341703"},{"taxonomy":"post_tag","embeddable":true,"href":"https:\/\/www.radioluna.it\/news\/wp-json\/wp\/v2\/tags?post=341703"}],"curies":[{"name":"wp","href":"https:\/\/api.w.org\/{rel}","templated":true}]}}