{"id":341748,"date":"2023-12-01T16:56:00","date_gmt":"2023-12-01T15:56:00","guid":{"rendered":"https:\/\/www.radioluna.it\/news\/?p=341748"},"modified":"2023-12-06T13:28:30","modified_gmt":"2023-12-06T12:28:30","slug":"visite-guidate-gratuite-a-palazzo-caetani-di-sermoneta-il-2-e-3-dicembre-2","status":"publish","type":"post","link":"https:\/\/www.radioluna.it\/news\/2023\/12\/visite-guidate-gratuite-a-palazzo-caetani-di-sermoneta-il-2-e-3-dicembre-2\/","title":{"rendered":"Visite guidate gratuite a Palazzo Caetani di Sermoneta il 2 e 3 dicembre"},"content":{"rendered":"<div id=\"fb-root\"><\/div>\n<p><strong>SERMONETA &#8211;<\/strong> Anche il Comune di Sermoneta partecipa nel fine settimana &#8211; sabato 2 e domenica 3 dicembre &#8211; all\u2019apertura straordinaria delle Dimore Storiche del Lazio, iniziativa promossa dalla Regione Lazio in collaborazione con Lazio Innova, con due visite guidate gratuite del piano terra di Palazzo Ada Caetani, che ospita la mostra sui reperti della Necropoli di Caracupa e il Museo della Ceramica alle ore 11.00 e alle ore 15.00.<br \/>\nInformazioni e prenotazioni al 324\/8821981<br \/>\nCi sar\u00e0 anche l\u2019opportunit\u00e0 per sperimentare le audioguide in italiano e in inglese, fruibili interagendo con una locandina innovativa e anche attraverso una app per smartphone e tablet, dove gli utenti troveranno informazioni, gallerie fotografiche e riferimenti geolocalizzati.<br \/>\nPalazzo Caetani, che l\u2019Amministrazione comunale guidata dal sindaco Giuseppina Giovannoli ha iscritto nel 2021 nella Rete delle Dimore Storiche del Lazio, \u00e8 interessato in questi mesi da un importante lavoro di restauro il cui progetto \u00e8 stato finanziato dalla Regione: \u00e8 gi\u00e0 terminato il rifacimento del tetto e della facciata, mentre ora i lavori sono concentrati al primo piano con la ristrutturazione delle sale espositive. L\u2019amministrazione ha anche<br \/>\n\u00abCrediamo nelle potenzialit\u00e0 di questa struttura, che rappresenta uno dei tanti gioielli architettonici del nostro borgo, tant\u2019\u00e8 che come amministrazione stiamo partecipando all&#8217;Avviso pubblico per la valorizzazione dei Luoghi della cultura del Lazio, annualit\u00e0 2023-2024, per l\u2019ottenimento dei fondi da destinare al potenziamento dell\u2019offerta culturale di Palazzo Caetani\u00bb, spiega il sindaco Giuseppina Giovannoli.<br \/>\nIl palazzo \u00e8 intitolato ad Ada Caetani, madre di Roffredo Caetani, ultimo duca di Sermoneta. Inizialmente di propriet\u00e0 della famiglia De Marchis, nel XVII secolo fu venduto alla famiglia Caetani. Nel corso dei secoli ha ospitato anche le scuole. Dal 2004 il Palazzo ospita il Museo della ceramica e, al primo piano, mostre e conferenze.<\/p>\n","protected":false},"excerpt":{"rendered":"<p>SERMONETA &#8211; Anche il Comune di Sermoneta partecipa nel fine settimana &#8211; sabato 2 e domenica 3 dicembre &#8211; all\u2019apertura straordinaria delle Dimore Storiche del Lazio, iniziativa promossa dalla Regione Lazio in collaborazione con Lazio Innova, con due visite guidate gratuite del piano terra di Palazzo Ada Caetani, che ospita la mostra sui reperti della [&hellip;]<\/p>\n","protected":false},"author":60,"featured_media":0,"comment_status":"open","ping_status":"open","sticky":false,"template":"","format":"standard","meta":{"footnotes":""},"categories":[16],"tags":[],"class_list":["post-341748","post","type-post","status-publish","format-standard","hentry","category-appuntamenti"],"_links":{"self":[{"href":"https:\/\/www.radioluna.it\/news\/wp-json\/wp\/v2\/posts\/341748","targetHints":{"allow":["GET"]}}],"collection":[{"href":"https:\/\/www.radioluna.it\/news\/wp-json\/wp\/v2\/posts"}],"about":[{"href":"https:\/\/www.radioluna.it\/news\/wp-json\/wp\/v2\/types\/post"}],"author":[{"embeddable":true,"href":"https:\/\/www.radioluna.it\/news\/wp-json\/wp\/v2\/users\/60"}],"replies":[{"embeddable":true,"href":"https:\/\/www.radioluna.it\/news\/wp-json\/wp\/v2\/comments?post=341748"}],"version-history":[{"count":0,"href":"https:\/\/www.radioluna.it\/news\/wp-json\/wp\/v2\/posts\/341748\/revisions"}],"wp:attachment":[{"href":"https:\/\/www.radioluna.it\/news\/wp-json\/wp\/v2\/media?parent=341748"}],"wp:term":[{"taxonomy":"category","embeddable":true,"href":"https:\/\/www.radioluna.it\/news\/wp-json\/wp\/v2\/categories?post=341748"},{"taxonomy":"post_tag","embeddable":true,"href":"https:\/\/www.radioluna.it\/news\/wp-json\/wp\/v2\/tags?post=341748"}],"curies":[{"name":"wp","href":"https:\/\/api.w.org\/{rel}","templated":true}]}}