{"id":341773,"date":"2023-12-02T08:19:28","date_gmt":"2023-12-02T07:19:28","guid":{"rendered":"https:\/\/www.radioluna.it\/news\/?p=341773"},"modified":"2023-12-02T08:24:09","modified_gmt":"2023-12-02T07:24:09","slug":"teatro-cupiello-in-tour-passa-da-latina","status":"publish","type":"post","link":"https:\/\/www.radioluna.it\/news\/2023\/12\/teatro-cupiello-in-tour-passa-da-latina\/","title":{"rendered":"Teatro, &#8220;Cupiello in tour&#8221; passa da Latina"},"content":{"rendered":"<div id=\"fb-root\"><\/div>\n<p style=\"text-align: justify;\"><strong>LATINA<\/strong> &#8211; La Luna Nuova di Latina mette in scena la commedia pi\u00f9 celebre di Eduardo De Filippo, &#8220;Natale in casa Cupiello&#8221;. Lo spettacolo messo in scena dalla compagnia diretta da Roberto Becchimanzi e Sara Pane ha gi\u00e0 vinto il \u201cpremio del Pubblico\u201d della rassegna \u201cVetrina Teatro\u201d di Castelfranco di Sotto di Aprile 2023, migliore attrice ed attore protagonisti (Linda Guarino e Roberto Becchimanzi) e miglior caratterista (Roberto Cal\u00ec) al Festival di Montepulciano.<\/p>\n<p style=\"text-align: justify;\">E dal 3 dicembre partir\u00e0 una vera e propria tourn\u00e9e che inizier\u00e0 dal teatro Lauro Rossi di Macerata e toccher\u00e0 Latina proprio a ridosso dei giorni festivi, il 22 dicembre al Teatro Moderno.<\/p>\n<p style=\"text-align: justify;\">Sul palco una compagine tutta pontina, oltre a Roberto Becchimanzi (Luca Cupiello) troveremo Linda Guarino (Concetta, sua moglie), Roberto Cal\u00ec (Tommasino, loro figlio), Roberta Pagano (Ninuccia), Franco Sorrentino (Pasquale, fratello di Luca), Antonio Lungo (Vittorio Elia, amico di Tommasino),, Giuseppe Pannone (Tommasino, marito di Ninuccia), Roberto Stabellini (Raffaele, portiere), Aldo Manzi (il dottore), Rosaria Senese (Olga Pastorelli, amica di famiglia), Nico Damiano (suo marito), Rossana Nardi (Armida, amica di famiglia) e Mattia Bergamin (Alberto, amico di famiglia). AIUTO REGIA Sara Pane, Tecnica Gianni Piscopo.<\/p>\n<p style=\"text-align: justify;\">\u201cE\u2019 stato difficile decidere di mettere in scena questa commedia di Eduardo De Filippo. Il confronto \u00e8 sempre dietro l\u2019angolo; troppo celebre e vista la versione televisiva, che ha accompagnato, per anni, i natali delle famiglie italiane \u2013 ha detto Roberto Becchimanzi &#8211; E per\u00f2, e per\u00f2\u2026..ci stuzzicava, ci aspettava, ci tendeva agguati,\u00a0 si faceva desiderare come non mai.\u00a0 Alla fine mi sono deciso.\u00a0 Luna nova mette in scena il capolavoro di Eduardo De Filippo con il rispetto della tradizione. \u2013 aggiunge l\u2019attore e regista &#8211; secondo i canoni del Teatro Eduardiano, senza stravolgimenti, come era Suo desiderio. Ne accelera per\u00f2 i ritmi della recitazione, che non possono essere pi\u00f9, a quasi un secolo dal debutto, i medesimi della consuetudine dell\u2019epoca\u201d.<\/p>\n<p style=\"text-align: justify;\">LE DATE &#8211; La celebre commedia continuer\u00e0 il suo tour i giorni 8, 9 e 10 dicembre al Teatro Finestra di Aprilia, per poi essere rappresentata al Teatro Tor Bella Monaca di Roma\u00a0 il 15 dicembre, al Manzoni di Cassino il 18, a Latina il 22 dicembre presso il Teatro Moderno, il 29 al\u00a0 Teatro Vittorio Veneto di Colleferro per finire la tournee il 7 gennaio 2024 nell\u2019Auditorium Palatucci di Campagna (SA).<\/p>\n<p>&nbsp;<\/p>\n<p>&nbsp;<\/p>\n<div class=\"radio-posizionamento-telefono-in-articoli-dopo-il-contenuto-articolo radio-entity-placement\" id=\"radio-3309211283\"><div id=\"radio-1502614130\"><a href=\"https:\/\/grupporedi.it\/\" aria-label=\"Redi-Qr\"><img loading=\"lazy\" decoding=\"async\" src=\"https:\/\/www.radioluna.it\/news\/wp-content\/uploads\/2026\/03\/Redi-Qr.jpg\" alt=\"\"  srcset=\"https:\/\/www.radioluna.it\/news\/wp-content\/uploads\/2026\/03\/Redi-Qr.jpg 800w, https:\/\/www.radioluna.it\/news\/wp-content\/uploads\/2026\/03\/Redi-Qr-768x639.jpg 768w\" sizes=\"(max-width: 800px) 100vw, 800px\" width=\"300\" height=\"250\"   \/><\/a><\/div><\/div>","protected":false},"excerpt":{"rendered":"<p>LATINA &#8211; La Luna Nuova di Latina mette in scena la commedia pi\u00f9 celebre di Eduardo De Filippo, &#8220;Natale in casa Cupiello&#8221;. Lo spettacolo messo in scena dalla compagnia diretta da Roberto Becchimanzi e Sara Pane ha gi\u00e0 vinto il \u201cpremio del Pubblico\u201d della rassegna \u201cVetrina Teatro\u201d di Castelfranco di Sotto di Aprile 2023, migliore [&hellip;]<\/p>\n","protected":false},"author":62,"featured_media":341774,"comment_status":"open","ping_status":"open","sticky":false,"template":"","format":"standard","meta":{"footnotes":""},"categories":[16,734],"tags":[],"class_list":["post-341773","post","type-post","status-publish","format-standard","has-post-thumbnail","hentry","category-appuntamenti","category-evidenza"],"_links":{"self":[{"href":"https:\/\/www.radioluna.it\/news\/wp-json\/wp\/v2\/posts\/341773","targetHints":{"allow":["GET"]}}],"collection":[{"href":"https:\/\/www.radioluna.it\/news\/wp-json\/wp\/v2\/posts"}],"about":[{"href":"https:\/\/www.radioluna.it\/news\/wp-json\/wp\/v2\/types\/post"}],"author":[{"embeddable":true,"href":"https:\/\/www.radioluna.it\/news\/wp-json\/wp\/v2\/users\/62"}],"replies":[{"embeddable":true,"href":"https:\/\/www.radioluna.it\/news\/wp-json\/wp\/v2\/comments?post=341773"}],"version-history":[{"count":1,"href":"https:\/\/www.radioluna.it\/news\/wp-json\/wp\/v2\/posts\/341773\/revisions"}],"predecessor-version":[{"id":341775,"href":"https:\/\/www.radioluna.it\/news\/wp-json\/wp\/v2\/posts\/341773\/revisions\/341775"}],"wp:featuredmedia":[{"embeddable":true,"href":"https:\/\/www.radioluna.it\/news\/wp-json\/wp\/v2\/media\/341774"}],"wp:attachment":[{"href":"https:\/\/www.radioluna.it\/news\/wp-json\/wp\/v2\/media?parent=341773"}],"wp:term":[{"taxonomy":"category","embeddable":true,"href":"https:\/\/www.radioluna.it\/news\/wp-json\/wp\/v2\/categories?post=341773"},{"taxonomy":"post_tag","embeddable":true,"href":"https:\/\/www.radioluna.it\/news\/wp-json\/wp\/v2\/tags?post=341773"}],"curies":[{"name":"wp","href":"https:\/\/api.w.org\/{rel}","templated":true}]}}