{"id":341820,"date":"2023-12-02T11:42:24","date_gmt":"2023-12-02T10:42:24","guid":{"rendered":"https:\/\/www.radioluna.it\/news\/?p=341820"},"modified":"2023-12-02T11:46:03","modified_gmt":"2023-12-02T10:46:03","slug":"latina-il-comune-assicura-entro-il-31-dicembre-la-bonifica-ambientale-dellex-svar","status":"publish","type":"post","link":"https:\/\/www.radioluna.it\/news\/2023\/12\/latina-il-comune-assicura-entro-il-31-dicembre-la-bonifica-ambientale-dellex-svar\/","title":{"rendered":"Il Comune assicura: &#8220;Entro il 31 dicembre la bonifica ambientale dell&#8217;ex Svar&#8221;"},"content":{"rendered":"<div id=\"fb-root\"><\/div>\n<p style=\"text-align: justify;\"><strong>LATINA<\/strong> &#8211; Parte la bonifica dell\u2019area ex Svar. \u201cEntro il 31 dicembre sar\u00e0 oggetto di un importante intervento di taglio della vegetazione incolta, disinfestazione e rimozione dei cumuli di rifiuti, nonch\u00e9 di abbattimento delle strutture realizzate ed occupate abusivamente\u201d. Lo rende noto il Comune di Latina che parla di un \u201cprimo step predisposto per dare risposta alla situazione di degrado in cui versa l\u2019area\u201d.<\/p>\n<p style=\"text-align: justify;\">\u201cIntervenire per la riqualificazione dell\u2019area \u00e8 stato uno dei primi obiettivi di questa amministrazione \u2013 ha dichiarato l\u2019assessora al Patrimonio Ada Nasti \u2013 A seguito di un sopralluogo effettuato a fine settembre 2023, ci si \u00e8 resi conto della necessit\u00e0 di dover procedere con urgenza alla bonifica di quella che \u00e8 diventata, negli anni, una discarica a cielo aperto e \u2018teatro\u2019 di episodi che mettono a repentaglio la sicurezza dei cittadini che risiedono nelle vicinanze. Allo scopo, abbiamo reperito fondi, attraverso una recente variazione di bilancio, che consentiranno di effettuare operazioni nell\u2019immediato di pulizia dell\u2019area. In un secondo tempo, si proceder\u00e0 alla demolizione di quel che resta dell\u2019immobile presente all\u2019interno del perimetro ex Svar e al ripristino della recinzione\u201d.<\/p>\n<p style=\"text-align: justify;\">\u201cLa particolare situazione rinvenuta richiede, per il primo step, l\u2019intervento di operatori economici specializzati in bonifiche ambientali. Stiamo provvedendo all\u2019individuazione, attraverso il sistema del mercato elettronico della pubblica amministrazione, di una ditta a cui affidare i lavori con l\u2019obiettivo di concluderli entro l\u2019anno. Questa operazione, tutt\u2019altro che semplice, consentir\u00e0 di fornire finalmente una prima risposta ai cittadini che per anni hanno visto inevase le loro richieste\u201d, ha concluso l\u2019assessore Nasti.<\/p>\n<p style=\"text-align: justify;\">Sul tema \u00e8 intervenuta anche la\u00a0 sindaca Matilde Celentano che ha ricordato il suo primo incontro con il prefetto Maurizio Falco avente ad oggetto le criticit\u00e0 dei siti dismessi ed in particolare quello dell\u2019ex Svar, costituente motivo di forte preoccupazione anche per la vicinanza della scuola primaria e secondaria di via Po. \u201cGli interventi programmati presentano per me una priorit\u00e0. Comprendo i timori dei genitori, degli insegnanti e delle famiglie per la mancata sicurezza e per il degrado dell\u2019area. L\u2019amministrazione ha il dovere di intervenire e noi lo stiamo facendo\u201d, ha affermato la prima cittadina.<\/p>\n<p>&nbsp;<\/p>\n<p>&nbsp;<\/p>\n<p>&nbsp;<\/p>\n","protected":false},"excerpt":{"rendered":"<p>LATINA &#8211; Parte la bonifica dell\u2019area ex Svar. \u201cEntro il 31 dicembre sar\u00e0 oggetto di un importante intervento di taglio della vegetazione incolta, disinfestazione e rimozione dei cumuli di rifiuti, nonch\u00e9 di abbattimento delle strutture realizzate ed occupate abusivamente\u201d. Lo rende noto il Comune di Latina che parla di un \u201cprimo step predisposto per dare [&hellip;]<\/p>\n","protected":false},"author":60,"featured_media":341821,"comment_status":"open","ping_status":"open","sticky":false,"template":"","format":"standard","meta":{"footnotes":""},"categories":[8],"tags":[],"class_list":["post-341820","post","type-post","status-publish","format-standard","has-post-thumbnail","hentry","category-politica"],"_links":{"self":[{"href":"https:\/\/www.radioluna.it\/news\/wp-json\/wp\/v2\/posts\/341820","targetHints":{"allow":["GET"]}}],"collection":[{"href":"https:\/\/www.radioluna.it\/news\/wp-json\/wp\/v2\/posts"}],"about":[{"href":"https:\/\/www.radioluna.it\/news\/wp-json\/wp\/v2\/types\/post"}],"author":[{"embeddable":true,"href":"https:\/\/www.radioluna.it\/news\/wp-json\/wp\/v2\/users\/60"}],"replies":[{"embeddable":true,"href":"https:\/\/www.radioluna.it\/news\/wp-json\/wp\/v2\/comments?post=341820"}],"version-history":[{"count":3,"href":"https:\/\/www.radioluna.it\/news\/wp-json\/wp\/v2\/posts\/341820\/revisions"}],"predecessor-version":[{"id":341824,"href":"https:\/\/www.radioluna.it\/news\/wp-json\/wp\/v2\/posts\/341820\/revisions\/341824"}],"wp:featuredmedia":[{"embeddable":true,"href":"https:\/\/www.radioluna.it\/news\/wp-json\/wp\/v2\/media\/341821"}],"wp:attachment":[{"href":"https:\/\/www.radioluna.it\/news\/wp-json\/wp\/v2\/media?parent=341820"}],"wp:term":[{"taxonomy":"category","embeddable":true,"href":"https:\/\/www.radioluna.it\/news\/wp-json\/wp\/v2\/categories?post=341820"},{"taxonomy":"post_tag","embeddable":true,"href":"https:\/\/www.radioluna.it\/news\/wp-json\/wp\/v2\/tags?post=341820"}],"curies":[{"name":"wp","href":"https:\/\/api.w.org\/{rel}","templated":true}]}}