{"id":341901,"date":"2023-12-04T11:26:32","date_gmt":"2023-12-04T10:26:32","guid":{"rendered":"https:\/\/www.radioluna.it\/news\/?p=341901"},"modified":"2023-12-05T10:23:50","modified_gmt":"2023-12-05T09:23:50","slug":"terracina-incidente-su-via-roma-falciata-unanziana","status":"publish","type":"post","link":"https:\/\/www.radioluna.it\/news\/2023\/12\/terracina-incidente-su-via-roma-falciata-unanziana\/","title":{"rendered":"Terracina, incidente su via Roma, falciata un&#8217;anziana"},"content":{"rendered":"<div id=\"fb-root\"><\/div>\n<p style=\"text-align: justify;\"><strong>TERRACINA &#8211;<\/strong> Tragico incidente questa mattina sul corso principale di Terracina. Un&#8217;anziana \u00e8 stata investita da un camion mentre attraversava Via Roma. Vani i soccorsi per la donna di 88 anni che \u00e8 morta sul colpo. Sotto shock l&#8217;autista trasportato all&#8217;ospedale Fiorini di Terracina. Il tratto \u00e8 stato chiuso e sul posto sono intervenuti gli agenti del commissariato di Polizia e la Polizia locale che si occuper\u00e0 dei rilievi.<\/p>\n","protected":false},"excerpt":{"rendered":"<p>TERRACINA &#8211; Tragico incidente questa mattina sul corso principale di Terracina. Un&#8217;anziana \u00e8 stata investita da un camion mentre attraversava Via Roma. Vani i soccorsi per la donna di 88 anni che \u00e8 morta sul colpo. Sotto shock l&#8217;autista trasportato all&#8217;ospedale Fiorini di Terracina. Il tratto \u00e8 stato chiuso e sul posto sono intervenuti gli [&hellip;]<\/p>\n","protected":false},"author":62,"featured_media":330500,"comment_status":"open","ping_status":"open","sticky":false,"template":"","format":"standard","meta":{"footnotes":""},"categories":[7,2428],"tags":[],"class_list":["post-341901","post","type-post","status-publish","format-standard","has-post-thumbnail","hentry","category-cronaca","category-primo-piano"],"_links":{"self":[{"href":"https:\/\/www.radioluna.it\/news\/wp-json\/wp\/v2\/posts\/341901","targetHints":{"allow":["GET"]}}],"collection":[{"href":"https:\/\/www.radioluna.it\/news\/wp-json\/wp\/v2\/posts"}],"about":[{"href":"https:\/\/www.radioluna.it\/news\/wp-json\/wp\/v2\/types\/post"}],"author":[{"embeddable":true,"href":"https:\/\/www.radioluna.it\/news\/wp-json\/wp\/v2\/users\/62"}],"replies":[{"embeddable":true,"href":"https:\/\/www.radioluna.it\/news\/wp-json\/wp\/v2\/comments?post=341901"}],"version-history":[{"count":4,"href":"https:\/\/www.radioluna.it\/news\/wp-json\/wp\/v2\/posts\/341901\/revisions"}],"predecessor-version":[{"id":341921,"href":"https:\/\/www.radioluna.it\/news\/wp-json\/wp\/v2\/posts\/341901\/revisions\/341921"}],"wp:featuredmedia":[{"embeddable":true,"href":"https:\/\/www.radioluna.it\/news\/wp-json\/wp\/v2\/media\/330500"}],"wp:attachment":[{"href":"https:\/\/www.radioluna.it\/news\/wp-json\/wp\/v2\/media?parent=341901"}],"wp:term":[{"taxonomy":"category","embeddable":true,"href":"https:\/\/www.radioluna.it\/news\/wp-json\/wp\/v2\/categories?post=341901"},{"taxonomy":"post_tag","embeddable":true,"href":"https:\/\/www.radioluna.it\/news\/wp-json\/wp\/v2\/tags?post=341901"}],"curies":[{"name":"wp","href":"https:\/\/api.w.org\/{rel}","templated":true}]}}