{"id":341906,"date":"2023-12-04T12:03:38","date_gmt":"2023-12-04T11:03:38","guid":{"rendered":"https:\/\/www.radioluna.it\/news\/?p=341906"},"modified":"2023-12-05T12:06:31","modified_gmt":"2023-12-05T11:06:31","slug":"qualita-della-vita-la-provincia-di-latina-ancora-piu-in-basso-ora-e-87","status":"publish","type":"post","link":"https:\/\/www.radioluna.it\/news\/2023\/12\/qualita-della-vita-la-provincia-di-latina-ancora-piu-in-basso-ora-e-87\/","title":{"rendered":"Qualit\u00e0 della vita, la provincia di Latina ancora pi\u00f9 in basso: ora \u00e8 87\u00b0"},"content":{"rendered":"<div id=\"fb-root\"><\/div>\n<p style=\"text-align: justify;\"><strong><img loading=\"lazy\" decoding=\"async\" class=\"size-full wp-image-341911 aligncenter\" src=\"https:\/\/www.radioluna.it\/news\/wp-content\/uploads\/2023\/12\/tutte-le-classifiche.jpg\" alt=\"\" width=\"853\" height=\"464\" srcset=\"https:\/\/www.radioluna.it\/news\/wp-content\/uploads\/2023\/12\/tutte-le-classifiche.jpg 853w, https:\/\/www.radioluna.it\/news\/wp-content\/uploads\/2023\/12\/tutte-le-classifiche-768x418.jpg 768w\" sizes=\"auto, (max-width: 853px) 100vw, 853px\" \/>LATINA<\/strong> &#8211; La provincia di Latina \u00e8 87\u00b0 nell&#8217;indagine sulla qualit\u00e0 della vita del Sole 24 Ore, tirata ulteriormente verso il basso nella categoria Ambiente e Servizi in cui figura quasi fanalino di coda, tra le ultie sette province italiane, in 100\u00b0 posizione.<\/p>\n<p style=\"text-align: justify;\">Lo dice la 34\u00b0 edizione della ricerca 2023 effettuata dal quotidiano economico che certifica una discesa di sette posizioni rispetto allo scorso anno. Quest\u2019anno sono novanta gli indicatori, suddivisi nelle classiche sei macrocategorie tematiche (ciascuna composta da 15 indicatori) affari e lavoro (46\u00b0); ambiente e servizi (100\u00b0); demografia, societ\u00e0 e salute (62\u00b0); giustizia e sicurezza (90\u00b0); cultura e tempo libero (79\u00b0).<\/p>\n<div class=\"titolo-12\" style=\"text-align: justify;\">Tra gli indicatori, il picco positivo riguarda il clima,\u00a0 dove la provincia di Latina \u00e8 7\u00b0 in classifica per ore di sole al giorno, mentre il dato peggiore riguarda i dati sugli ingressi agli spettacoli: qui si registra una vergognosa 107\u00b0 posizione, con un&#8217; ultima posizione in classifica (per numero di spettatori ogni mille spettacoli elab. su dati Siae, 2022). In mezzo, tanti risultati deludenti, ma anche illuminanti per capire dove bisogna urgentemente invertire la rotta e verso quali obiettivi viaggiare senza esitazioni.<\/div>\n","protected":false},"excerpt":{"rendered":"<p>LATINA &#8211; La provincia di Latina \u00e8 87\u00b0 nell&#8217;indagine sulla qualit\u00e0 della vita del Sole 24 Ore, tirata ulteriormente verso il basso nella categoria Ambiente e Servizi in cui figura quasi fanalino di coda, tra le ultie sette province italiane, in 100\u00b0 posizione. Lo dice la 34\u00b0 edizione della ricerca 2023 effettuata dal quotidiano economico [&hellip;]<\/p>\n","protected":false},"author":62,"featured_media":341907,"comment_status":"open","ping_status":"open","sticky":false,"template":"","format":"standard","meta":{"footnotes":""},"categories":[735,2428],"tags":[],"class_list":["post-341906","post","type-post","status-publish","format-standard","has-post-thumbnail","hentry","category-attualita","category-primo-piano"],"_links":{"self":[{"href":"https:\/\/www.radioluna.it\/news\/wp-json\/wp\/v2\/posts\/341906","targetHints":{"allow":["GET"]}}],"collection":[{"href":"https:\/\/www.radioluna.it\/news\/wp-json\/wp\/v2\/posts"}],"about":[{"href":"https:\/\/www.radioluna.it\/news\/wp-json\/wp\/v2\/types\/post"}],"author":[{"embeddable":true,"href":"https:\/\/www.radioluna.it\/news\/wp-json\/wp\/v2\/users\/62"}],"replies":[{"embeddable":true,"href":"https:\/\/www.radioluna.it\/news\/wp-json\/wp\/v2\/comments?post=341906"}],"version-history":[{"count":7,"href":"https:\/\/www.radioluna.it\/news\/wp-json\/wp\/v2\/posts\/341906\/revisions"}],"predecessor-version":[{"id":341915,"href":"https:\/\/www.radioluna.it\/news\/wp-json\/wp\/v2\/posts\/341906\/revisions\/341915"}],"wp:featuredmedia":[{"embeddable":true,"href":"https:\/\/www.radioluna.it\/news\/wp-json\/wp\/v2\/media\/341907"}],"wp:attachment":[{"href":"https:\/\/www.radioluna.it\/news\/wp-json\/wp\/v2\/media?parent=341906"}],"wp:term":[{"taxonomy":"category","embeddable":true,"href":"https:\/\/www.radioluna.it\/news\/wp-json\/wp\/v2\/categories?post=341906"},{"taxonomy":"post_tag","embeddable":true,"href":"https:\/\/www.radioluna.it\/news\/wp-json\/wp\/v2\/tags?post=341906"}],"curies":[{"name":"wp","href":"https:\/\/api.w.org\/{rel}","templated":true}]}}