{"id":342015,"date":"2023-12-06T08:12:21","date_gmt":"2023-12-06T07:12:21","guid":{"rendered":"https:\/\/www.radioluna.it\/news\/?p=342015"},"modified":"2023-12-06T10:51:12","modified_gmt":"2023-12-06T09:51:12","slug":"terracina-riaperto-il-ponte-provvisorio-sul-fiume-sisto","status":"publish","type":"post","link":"https:\/\/www.radioluna.it\/news\/2023\/12\/terracina-riaperto-il-ponte-provvisorio-sul-fiume-sisto\/","title":{"rendered":"Terracina, riaperto il ponte provvisorio sul fiume Sisto"},"content":{"rendered":"<div id=\"fb-root\"><\/div>\n<p style=\"text-align: justify;\"><strong>TERRACINA<\/strong> &#8211; Riaperto questo pomeriggio il ponte provvisorio sul fiume Sisto. Come da programma, questa mattina sono state effettuate le prove di carico necessarie al termine dei lavori di manutenzione che erano stati programmati. Il verbale di verifica della messa in sicurezza \u00e8 stato siglato alle 13.45 di oggi. Dopo tutti gli adempimenti necessari da parte del Comando di Polizia Locale \u00e8 stata quindi revocata la precedente ordinanza di chiusura del 27 ottobre e riaperto alla circolazione il tratto dal km 9+400 al km 9+450. Restano le precedenti limitazioni: divieto di transito ai mezzi con massa non eccedente le 20 tonnellate, e limitazione della velocit\u00e0 massima dei veicoli a 30 km\/h. Su queste limitazioni verranno effettuati i controlli pi\u00f9 opportuni,<\/p>\n<p style=\"text-align: justify;\">\u00abAbbiamo ricevuto i complimenti per aver rispettato i tempi di riapertura dell\u2019attuale ponte, ma per noi questo \u00e8 solo un piccolo primo passo che era necessario e dovuto per garantire intanto la viabilit\u00e0. Il nostro lavoro, che non si \u00e8 mai fermato, prosegue per realizzare il nuovo ponte definitivo, superando le varie difficolt\u00e0 per raggiungere l\u2019obiettivo\u00bb, ha dichiarato il Vicesindaco e Assessore ai Lavori Pubblici Claudio De Felice.<\/p>\n<p style=\"text-align: justify;\">\u00abLa nostra priorit\u00e0 continua ad essere quella di ridurre al minimo i disagi per i residenti e per quanti utilizzano questo collegamento fondamentale. Per questo abbiamo lavorato per rispettare i tempi di riapertura dell\u2019attuale struttura, mentre continuiamo a lavorare per la costruzione del nuovo ponte, nei tempi pi\u00f9 rapidi\u00bb, ha dichiarato il Sindaco di Terracina, Francesco Giannetti.<\/p>\n","protected":false},"excerpt":{"rendered":"<p>TERRACINA &#8211; Riaperto questo pomeriggio il ponte provvisorio sul fiume Sisto. Come da programma, questa mattina sono state effettuate le prove di carico necessarie al termine dei lavori di manutenzione che erano stati programmati. Il verbale di verifica della messa in sicurezza \u00e8 stato siglato alle 13.45 di oggi. Dopo tutti gli adempimenti necessari da [&hellip;]<\/p>\n","protected":false},"author":60,"featured_media":342016,"comment_status":"open","ping_status":"open","sticky":false,"template":"","format":"standard","meta":{"footnotes":""},"categories":[7,2428],"tags":[],"class_list":["post-342015","post","type-post","status-publish","format-standard","has-post-thumbnail","hentry","category-cronaca","category-primo-piano"],"_links":{"self":[{"href":"https:\/\/www.radioluna.it\/news\/wp-json\/wp\/v2\/posts\/342015","targetHints":{"allow":["GET"]}}],"collection":[{"href":"https:\/\/www.radioluna.it\/news\/wp-json\/wp\/v2\/posts"}],"about":[{"href":"https:\/\/www.radioluna.it\/news\/wp-json\/wp\/v2\/types\/post"}],"author":[{"embeddable":true,"href":"https:\/\/www.radioluna.it\/news\/wp-json\/wp\/v2\/users\/60"}],"replies":[{"embeddable":true,"href":"https:\/\/www.radioluna.it\/news\/wp-json\/wp\/v2\/comments?post=342015"}],"version-history":[{"count":1,"href":"https:\/\/www.radioluna.it\/news\/wp-json\/wp\/v2\/posts\/342015\/revisions"}],"predecessor-version":[{"id":342017,"href":"https:\/\/www.radioluna.it\/news\/wp-json\/wp\/v2\/posts\/342015\/revisions\/342017"}],"wp:featuredmedia":[{"embeddable":true,"href":"https:\/\/www.radioluna.it\/news\/wp-json\/wp\/v2\/media\/342016"}],"wp:attachment":[{"href":"https:\/\/www.radioluna.it\/news\/wp-json\/wp\/v2\/media?parent=342015"}],"wp:term":[{"taxonomy":"category","embeddable":true,"href":"https:\/\/www.radioluna.it\/news\/wp-json\/wp\/v2\/categories?post=342015"},{"taxonomy":"post_tag","embeddable":true,"href":"https:\/\/www.radioluna.it\/news\/wp-json\/wp\/v2\/tags?post=342015"}],"curies":[{"name":"wp","href":"https:\/\/api.w.org\/{rel}","templated":true}]}}