{"id":342046,"date":"2023-12-06T11:41:12","date_gmt":"2023-12-06T10:41:12","guid":{"rendered":"https:\/\/www.radioluna.it\/news\/?p=342046"},"modified":"2023-12-07T07:55:47","modified_gmt":"2023-12-07T06:55:47","slug":"latina-al-via-loperazione-di-pulizia-dei-marciapiedi-a-ridosso-del-centro","status":"publish","type":"post","link":"https:\/\/www.radioluna.it\/news\/2023\/12\/latina-al-via-loperazione-di-pulizia-dei-marciapiedi-a-ridosso-del-centro\/","title":{"rendered":"Latina, al via l&#8217;operazione di pulizia dei marciapiedi a ridosso del centro. Celentano: &#8220;Presto i cassonetti intelligenti&#8221;"},"content":{"rendered":"<div id=\"fb-root\"><\/div>\n<p style=\"text-align: justify;\"><strong>LATINA &#8211; <\/strong>Parte a Latina un&#8217;attesa operazione di pulizia e ripristino del decoro. Nelle aree a ridosso del centro storico, quelle pi\u00f9 sofferenti per il mancato completamento del nuovo metodo di raccolta differenziata, partir\u00e0 da luned\u00ec prossimo, 11 dicembre,\u00a0 il servizio straordinario di diserbo meccanico, spazzamento meccanizzato e lavaggio dei marciapiedi che richieder\u00e0 la collaborazione dei cittadini. Lo comunica l\u2019Azienda ABC Latina spiegando che &#8220;il servizio sar\u00e0 effettuato quattro giorni a settimana e interesser\u00e0 gradualmente tutte le zone a ridosso del centro storico, un\u2019ampia area del territorio comunale che interessa circa 30mila abitanti&#8221;. Le operazioni si concluderanno i primi di marzo quando sar\u00e0 gi\u00e0 ora di ricominciare il giro.<\/p>\n<p>\u201cSi tratta del primo atto concreto \u2013 commenta la sindaca di Latina Matilde Celentano\u00a0 &#8211;\u00a0 in seguito all\u2019insediamento del nuovo consiglio di amministrazione di Abc. Con questo primo cambio di passo, dunque, si d\u00e0 una risposta concreta ai cittadini che potranno finalmente usufruire di marciapiedi puliti e decorosi. In questo modo l\u2019amministrazione vuole rendere concreto l\u2019impegno per migliorare il decoro urbano. Quello che i cittadini ci chiedono \u2013 conclude &#8211; \u00e8 avere una citt\u00e0 pi\u00f9 pulita. E, con questa prima novit\u00e0, possiamo dare una risposta da subito. I cambiamenti non sono finiti qui. Come annunciato, l\u2019amministrazione \u00e8 a lavoro per l\u2019istituzione di cassonetti intelligenti, dove il titolare potr\u00e0 conferire con la tessera, e per una rimodulazione della raccolta differenziata\u201d.<\/p>\n<p style=\"text-align: justify;\">La piantina (qui in foto) servir\u00e0 ai cittadini per sapere quando il proprio quartiere sar\u00e0 interessato alle operazioni secondo un programma puntuale degli interventi riportato al lato della stessa. Occhio dunque alla segnaletica: &#8220;Sui luoghi interessati sar\u00e0 collocata un\u2019apposita segnaletica concordata con la Polizia Municipale che prevede divieti di sosta temporanei preventivamente segnalati alla cittadinanza. I provvedimenti interesseranno entrambi i lati delle strade interessate&#8221;.<\/p>\n<p style=\"text-align: justify;\">L\u2019ordinanza \u00e8 la n.279 del 5\/12\/2023\u00a0 consultabile nell\u2019Albo Pretorio on line del Comune di Latina (www.comune.latina.it).<\/p>\n<p style=\"text-align: justify;\">Sul sito aziendale<a href=\"http:\/\/www.abclatina.it\"> www.abclatina.it<\/a> \u00e8 possibile visionare e scaricare la cartina e il programma completo con date e giorni di avanzamento del servizio.<\/p>\n<p><img loading=\"lazy\" decoding=\"async\" class=\"alignnone size-full wp-image-342047\" src=\"https:\/\/www.radioluna.it\/news\/wp-content\/uploads\/2023\/12\/piantima-latina-spazzamento.jpg\" alt=\"\" width=\"1585\" height=\"905\" srcset=\"https:\/\/www.radioluna.it\/news\/wp-content\/uploads\/2023\/12\/piantima-latina-spazzamento.jpg 1585w, https:\/\/www.radioluna.it\/news\/wp-content\/uploads\/2023\/12\/piantima-latina-spazzamento-768x439.jpg 768w, https:\/\/www.radioluna.it\/news\/wp-content\/uploads\/2023\/12\/piantima-latina-spazzamento-1536x877.jpg 1536w\" sizes=\"auto, (max-width: 1585px) 100vw, 1585px\" \/><\/p>\n<p style=\"text-align: justify;\">\n","protected":false},"excerpt":{"rendered":"<p>LATINA &#8211; Parte a Latina un&#8217;attesa operazione di pulizia e ripristino del decoro. Nelle aree a ridosso del centro storico, quelle pi\u00f9 sofferenti per il mancato completamento del nuovo metodo di raccolta differenziata, partir\u00e0 da luned\u00ec prossimo, 11 dicembre,\u00a0 il servizio straordinario di diserbo meccanico, spazzamento meccanizzato e lavaggio dei marciapiedi che richieder\u00e0 la collaborazione [&hellip;]<\/p>\n","protected":false},"author":62,"featured_media":342048,"comment_status":"open","ping_status":"open","sticky":false,"template":"","format":"standard","meta":{"footnotes":""},"categories":[8],"tags":[],"class_list":["post-342046","post","type-post","status-publish","format-standard","has-post-thumbnail","hentry","category-politica"],"_links":{"self":[{"href":"https:\/\/www.radioluna.it\/news\/wp-json\/wp\/v2\/posts\/342046","targetHints":{"allow":["GET"]}}],"collection":[{"href":"https:\/\/www.radioluna.it\/news\/wp-json\/wp\/v2\/posts"}],"about":[{"href":"https:\/\/www.radioluna.it\/news\/wp-json\/wp\/v2\/types\/post"}],"author":[{"embeddable":true,"href":"https:\/\/www.radioluna.it\/news\/wp-json\/wp\/v2\/users\/62"}],"replies":[{"embeddable":true,"href":"https:\/\/www.radioluna.it\/news\/wp-json\/wp\/v2\/comments?post=342046"}],"version-history":[{"count":4,"href":"https:\/\/www.radioluna.it\/news\/wp-json\/wp\/v2\/posts\/342046\/revisions"}],"predecessor-version":[{"id":342060,"href":"https:\/\/www.radioluna.it\/news\/wp-json\/wp\/v2\/posts\/342046\/revisions\/342060"}],"wp:featuredmedia":[{"embeddable":true,"href":"https:\/\/www.radioluna.it\/news\/wp-json\/wp\/v2\/media\/342048"}],"wp:attachment":[{"href":"https:\/\/www.radioluna.it\/news\/wp-json\/wp\/v2\/media?parent=342046"}],"wp:term":[{"taxonomy":"category","embeddable":true,"href":"https:\/\/www.radioluna.it\/news\/wp-json\/wp\/v2\/categories?post=342046"},{"taxonomy":"post_tag","embeddable":true,"href":"https:\/\/www.radioluna.it\/news\/wp-json\/wp\/v2\/tags?post=342046"}],"curies":[{"name":"wp","href":"https:\/\/api.w.org\/{rel}","templated":true}]}}