{"id":342083,"date":"2023-12-07T08:30:18","date_gmt":"2023-12-07T07:30:18","guid":{"rendered":"https:\/\/www.radioluna.it\/news\/?p=342083"},"modified":"2023-12-09T11:59:37","modified_gmt":"2023-12-09T10:59:37","slug":"laurea-honoris-causa-a-sami-modiano-cittadino-onorario-di-latina","status":"publish","type":"post","link":"https:\/\/www.radioluna.it\/news\/2023\/12\/laurea-honoris-causa-a-sami-modiano-cittadino-onorario-di-latina\/","title":{"rendered":"Laurea honoris causa a Sami Modiano, cittadino onorario di Latina"},"content":{"rendered":"<div id=\"fb-root\"><\/div>\n<p><em><img loading=\"lazy\" decoding=\"async\" class=\"alignnone size-full wp-image-342087\" src=\"https:\/\/www.radioluna.it\/news\/wp-content\/uploads\/2023\/12\/sami.jpg\" alt=\"\" width=\"1920\" height=\"1280\" srcset=\"https:\/\/www.radioluna.it\/news\/wp-content\/uploads\/2023\/12\/sami.jpg 1920w, https:\/\/www.radioluna.it\/news\/wp-content\/uploads\/2023\/12\/sami-768x512.jpg 768w, https:\/\/www.radioluna.it\/news\/wp-content\/uploads\/2023\/12\/sami-1536x1024.jpg 1536w, https:\/\/www.radioluna.it\/news\/wp-content\/uploads\/2023\/12\/sami-600x400.jpg 600w, https:\/\/www.radioluna.it\/news\/wp-content\/uploads\/2023\/12\/sami-270x180.jpg 270w\" sizes=\"auto, (max-width: 1920px) 100vw, 1920px\" \/>(foto dalla pagina Facebook Campus Biomedico Roma)<\/em><\/p>\n<p style=\"text-align: justify;\"><strong>LATINA<\/strong> &#8211; Laurea honoris causa in medicina e chirurgia per meriti sociali e umanitari a Sami Modiano, il 93enne reduce dal campo di sterminio di Auschwitz che \u00e8 anche <a href=\"https:\/\/www.radioluna.it\/news\/2021\/03\/e-ufficiale-sami-modiano-e-liliana-segre-e-il-milite-ignoto-cittadini-onorari-di-latina\/\">cittadino onorario di Latina<\/a> grazie all\u2019onorificenza concessa dal consiglio comunale nel 2021 su proposta dell&#8217;allora sindaco Damiano Coletta a lui e alla senatrice a vita Liliana Segre anche lei sopravvissuta ai campi di sterminio. Modiano ha dedicato la seconda parte della sua vita al racconto della Shoah.<\/p>\n<p style=\"text-align: justify;\">Nel corso della cerimonia di inaugurazione del 31esimo anno accademico dell&#8217;Universit\u00e0 Campus Bio-Medico di Roma, alla presenza del ministro Schillaci, Modiano ha ricordato che per combattere l&#8217;orrore, bisogna vivere e ricordare. &#8220;La mia ferita\u00a0 &#8211; ha raccontato agli studenti presenti non sar\u00e0 mai rimarginata, ma ho capito perch\u00e9 vale la pena vivere. Per voi, per raccontarvi ci\u00f2 che \u00e8 accaduto.\u00a0Perch\u00e9 quello che ho vissuto resti a lungo nella memoria e non si ripeta mai pi\u00f9.\u00a0Perch\u00e9 voi non vediate mai quello che hanno visto questi miei occhi. Spero\u00a0 &#8211; ha concluso &#8211; che questo inno alla vita possa essere di ispirazione per i medici di oggi e di domani\u00bb.<\/p>\n<p style=\"text-align: justify;\">Sami Modiano ha incontrato <a href=\"https:\/\/www.radioluna.it\/news\/2019\/11\/incontro-con-sami-modiano-al-liceo-classico-dante-alighieri-di-latina\/\">in due occasioni<\/a> anche <a href=\"https:\/\/www.radioluna.it\/news\/2019\/01\/labbraccio-di-sami-modiano-agli-studenti-voi-siete-la-speranza-la-risposta-a-tutti-i-miei-tormentati-perche\/\">gli studenti di Latina<\/a>.<\/p>\n<div class=\"x11i5rnm xat24cr x1mh8g0r x1vvkbs xtlvy1s x126k92a\">\n<div dir=\"auto\">Nato a Rodi nel 1930, Modiano viene deportato nel 1944 a Birkenau. Liberato il 27 gennaio 1945 dal campo di Auschwitz dalle truppe sovietiche, nel 2005 comincia il suo lavoro di testimone.<\/div>\n<\/div>\n<div class=\"x11i5rnm xat24cr x1mh8g0r x1vvkbs xtlvy1s x126k92a\">\n<div dir=\"auto\"><\/div>\n<\/div>\n<p><iframe loading=\"lazy\" title=\"Cerimonia di Inaugurazione Anno Accademico 2023\/2024\" width=\"740\" height=\"416\" src=\"https:\/\/www.youtube.com\/embed\/3vVcZOmopUk?feature=oembed\" frameborder=\"0\" allow=\"accelerometer; autoplay; clipboard-write; encrypted-media; gyroscope; picture-in-picture; web-share\" referrerpolicy=\"strict-origin-when-cross-origin\" allowfullscreen><\/iframe><\/p>\n<p>&nbsp;<\/p>\n","protected":false},"excerpt":{"rendered":"<p>(foto dalla pagina Facebook Campus Biomedico Roma) LATINA &#8211; Laurea honoris causa in medicina e chirurgia per meriti sociali e umanitari a Sami Modiano, il 93enne reduce dal campo di sterminio di Auschwitz che \u00e8 anche cittadino onorario di Latina grazie all\u2019onorificenza concessa dal consiglio comunale nel 2021 su proposta dell&#8217;allora sindaco Damiano Coletta a [&hellip;]<\/p>\n","protected":false},"author":62,"featured_media":342085,"comment_status":"open","ping_status":"open","sticky":false,"template":"","format":"video","meta":{"footnotes":""},"categories":[735,734],"tags":[],"class_list":["post-342083","post","type-post","status-publish","format-video","has-post-thumbnail","hentry","category-attualita","category-evidenza","post_format-post-format-video"],"_links":{"self":[{"href":"https:\/\/www.radioluna.it\/news\/wp-json\/wp\/v2\/posts\/342083","targetHints":{"allow":["GET"]}}],"collection":[{"href":"https:\/\/www.radioluna.it\/news\/wp-json\/wp\/v2\/posts"}],"about":[{"href":"https:\/\/www.radioluna.it\/news\/wp-json\/wp\/v2\/types\/post"}],"author":[{"embeddable":true,"href":"https:\/\/www.radioluna.it\/news\/wp-json\/wp\/v2\/users\/62"}],"replies":[{"embeddable":true,"href":"https:\/\/www.radioluna.it\/news\/wp-json\/wp\/v2\/comments?post=342083"}],"version-history":[{"count":6,"href":"https:\/\/www.radioluna.it\/news\/wp-json\/wp\/v2\/posts\/342083\/revisions"}],"predecessor-version":[{"id":342091,"href":"https:\/\/www.radioluna.it\/news\/wp-json\/wp\/v2\/posts\/342083\/revisions\/342091"}],"wp:featuredmedia":[{"embeddable":true,"href":"https:\/\/www.radioluna.it\/news\/wp-json\/wp\/v2\/media\/342085"}],"wp:attachment":[{"href":"https:\/\/www.radioluna.it\/news\/wp-json\/wp\/v2\/media?parent=342083"}],"wp:term":[{"taxonomy":"category","embeddable":true,"href":"https:\/\/www.radioluna.it\/news\/wp-json\/wp\/v2\/categories?post=342083"},{"taxonomy":"post_tag","embeddable":true,"href":"https:\/\/www.radioluna.it\/news\/wp-json\/wp\/v2\/tags?post=342083"}],"curies":[{"name":"wp","href":"https:\/\/api.w.org\/{rel}","templated":true}]}}