{"id":342255,"date":"2023-12-11T11:54:17","date_gmt":"2023-12-11T10:54:17","guid":{"rendered":"https:\/\/www.radioluna.it\/news\/?p=342255"},"modified":"2023-12-12T10:06:32","modified_gmt":"2023-12-12T09:06:32","slug":"latina-ecco-il-calendario-degli-eventi-di-natale-2023","status":"publish","type":"post","link":"https:\/\/www.radioluna.it\/news\/2023\/12\/latina-ecco-il-calendario-degli-eventi-di-natale-2023\/","title":{"rendered":"Latina, ecco il calendario degli eventi di Natale 2023"},"content":{"rendered":"<div id=\"fb-root\"><\/div>\n<p style=\"text-align: justify;\"><strong>LATINA &#8211; Entra nel vivo il programma di Natale 2023 a Latina<\/strong>. Dopo l\u2019accensione dell\u2019albero di Natale in piazza del Popolo l&#8217;8 dicembre sulle note di Mama\u2019s Soul Beats, si prosegue con 18 appuntamenti. <img loading=\"lazy\" decoding=\"async\" class=\"wp-image-342257 alignright\" src=\"https:\/\/www.radioluna.it\/news\/wp-content\/uploads\/2023\/12\/Eventi-natale.jpg\" alt=\"\" width=\"354\" height=\"251\" srcset=\"https:\/\/www.radioluna.it\/news\/wp-content\/uploads\/2023\/12\/Eventi-natale.jpg 1252w, https:\/\/www.radioluna.it\/news\/wp-content\/uploads\/2023\/12\/Eventi-natale-768x543.jpg 768w\" sizes=\"auto, (max-width: 354px) 100vw, 354px\" \/><\/p>\n<p style=\"text-align: justify;\">\u201cIl calendario di eventi di Natale \u2013 dichiara la sindaca di Latina Matilde Celentano \u2013 \u00e8 stato pensato per regalare ai cittadini momenti di serenit\u00e0 dopo i periodi bui che abbiamo attraversato: veniamo da una pandemia e sono in corso due guerre e poter trascorrere delle festivit\u00e0 nel calore della propria citt\u00e0 \u00e8 un regalo che volevamo fare a chi ogni giorno la abita. Per abbiamo investito una cifra importante per le festivit\u00e0 natalizie, 125mila euro che andranno a coprire gli eventi e le luminarie. Ringrazio tutti coloro che hanno risposto alle manifestazioni di interesse per costruire, insieme, i giorni di festa che ci attendono. Ci saranno eventi in piazza del Popolo, con concerti di ogni genere e per ogni gusto, iniziative per bambini e spettacoli al teatro D\u2019Annunzio finalmente riaperto dopo anni di assenza di cultura. Anche i borghi saranno illuminati a festa per trasmettere una magica atmosfera in tutte le zone della citt\u00e0. Ci auguriamo che i nostri cittadini scelgano di rimanere a Latina e che la citt\u00e0 sia attrazione anche per chi viene da fuori\u201d.<\/p>\n<p>Nell&#8217;intero periodo sono previsti mercatini di Natale in via Pio VI, via Eugenio di Savoia e corso della Repubblica, il villaggio dell\u2019inclusione di Babbo Natale nella casa cantoniera di Borgo Sabotino e il teatrino dei burattini nell\u2019arena Cambellotti. Prevista l\u2019illuminazione di alcuni edifici gli edifici pubblici del centro e videomapping sul palazzo comunale. Luci e albero anche nei borghi.<\/p>\n<p><strong>IL CALENDARIO DI EVENTI<\/strong><\/p>\n<p>&#8211; 8 dicembre, piazza del Popolo ore 17.30<br \/>\nAccensione albero di Natale e luminarie in citt\u00e0. Concerto Mama\u2019s Soul Beats<\/p>\n<p>&#8211; 16 dicembre, piazza del Popolo ore 18<br \/>\nConcerti di Grigio Fumo Band e Faber per tutti. Tributo a Fabrizio De Andr\u00e9<\/p>\n<p>&#8211; 17 dicembre, teatro D\u2019Annunzio ore 18<br \/>\nConcerto di Natale della Banda musicale della Polizia di Stato<\/p>\n<p>&#8211; 18 \u00a0dicembre, teatro D\u2019Annunzio ore 21<br \/>\nConcerto della Premiata Orchestra della Repubblica Partenopea<\/p>\n<p>&#8211; 18 dicembre, museo Cambellotti ore 17<br \/>\nFatte cos\u00ec! Mostra di opere della collezione della Galleria d\u2019arte Moderna e Contemporanea<\/p>\n<p>&#8211; 18 dicembre, museo Cambellotti ore 17<br \/>\nMostra \u201cLittoria un marchio di successo\u201d<\/p>\n<p>&#8211; 19 dicembre, teatro D\u2019Annunzio ore 18<br \/>\nConcerto di Natale degli studenti del liceo statale Alessandro Manzoni<\/p>\n<p>&#8211; 20 dicembre, teatro D\u2019Annunzio ore 10<br \/>\nPresentazione concorso letterario Campiello Giovani 2024, 29esima edizione. A cura del gruppo Giovani Imprenditori Unindustria<\/p>\n<p>&#8211; 20 dicembre, via Corridoni ore 18.30<br \/>\nConcerto di Ambrogio Sparagna<\/p>\n<p>&#8211; 21 dicembre, teatro D\u2019Annunzio ore 18<br \/>\nConcerto degli studenti dell\u2019istituto comprensivo Giovanni Cena<\/p>\n<p>&#8211; 22 dicembre, teatro D\u2019Annunzio ore 20.30<br \/>\nConcerto e spettacolo di beneficenza Unicef<\/p>\n<p>&#8211; 23 dicembre, piazza del Popolo ore 18<br \/>\nOrchestra dei Giovani filarmonici pontini. Concerto armonie natalizie<\/p>\n<p>&#8211; 25 dicembre, piazza del Popolo ore 18<br \/>\nConcerto gospel di Natale di Big Soul Mama<\/p>\n<p>&#8211; 29 dicembre, piazza del Popolo ore 21.30<br \/>\nCaravaggio live, concerto di musica pop\/indie<\/p>\n<p>&#8211; 31 dicembre, piazza del Popolo ore 21.30<br \/>\nConcerto di fine anno di Tuttifrutti<\/p>\n<p>&#8211; 1 gennaio, teatro D\u2019Annunzio ore 18<br \/>\nConcerto di Capodanno a cura del Campus Internazionale di Musica<\/p>\n<p>&#8211; 3 gennaio, piazza del Popolo ore 18<br \/>\nThe Vibes e Trio Vizzino. Concerto jazz giovani musicisti pontini<\/p>\n<p>&#8211; 6 gennaio, piazza del Popolo ore 20<br \/>\nConcerto di musica brasiliana di Valbilene Coutinho Quintet<\/p>\n<p>&nbsp;<\/p>\n","protected":false},"excerpt":{"rendered":"<p>LATINA &#8211; Entra nel vivo il programma di Natale 2023 a Latina. Dopo l\u2019accensione dell\u2019albero di Natale in piazza del Popolo l&#8217;8 dicembre sulle note di Mama\u2019s Soul Beats, si prosegue con 18 appuntamenti. \u201cIl calendario di eventi di Natale \u2013 dichiara la sindaca di Latina Matilde Celentano \u2013 \u00e8 stato pensato per regalare ai [&hellip;]<\/p>\n","protected":false},"author":60,"featured_media":342259,"comment_status":"open","ping_status":"open","sticky":false,"template":"","format":"standard","meta":{"footnotes":""},"categories":[8],"tags":[],"class_list":["post-342255","post","type-post","status-publish","format-standard","has-post-thumbnail","hentry","category-politica"],"_links":{"self":[{"href":"https:\/\/www.radioluna.it\/news\/wp-json\/wp\/v2\/posts\/342255","targetHints":{"allow":["GET"]}}],"collection":[{"href":"https:\/\/www.radioluna.it\/news\/wp-json\/wp\/v2\/posts"}],"about":[{"href":"https:\/\/www.radioluna.it\/news\/wp-json\/wp\/v2\/types\/post"}],"author":[{"embeddable":true,"href":"https:\/\/www.radioluna.it\/news\/wp-json\/wp\/v2\/users\/60"}],"replies":[{"embeddable":true,"href":"https:\/\/www.radioluna.it\/news\/wp-json\/wp\/v2\/comments?post=342255"}],"version-history":[{"count":1,"href":"https:\/\/www.radioluna.it\/news\/wp-json\/wp\/v2\/posts\/342255\/revisions"}],"predecessor-version":[{"id":342258,"href":"https:\/\/www.radioluna.it\/news\/wp-json\/wp\/v2\/posts\/342255\/revisions\/342258"}],"wp:featuredmedia":[{"embeddable":true,"href":"https:\/\/www.radioluna.it\/news\/wp-json\/wp\/v2\/media\/342259"}],"wp:attachment":[{"href":"https:\/\/www.radioluna.it\/news\/wp-json\/wp\/v2\/media?parent=342255"}],"wp:term":[{"taxonomy":"category","embeddable":true,"href":"https:\/\/www.radioluna.it\/news\/wp-json\/wp\/v2\/categories?post=342255"},{"taxonomy":"post_tag","embeddable":true,"href":"https:\/\/www.radioluna.it\/news\/wp-json\/wp\/v2\/tags?post=342255"}],"curies":[{"name":"wp","href":"https:\/\/api.w.org\/{rel}","templated":true}]}}