{"id":342358,"date":"2023-12-13T08:13:13","date_gmt":"2023-12-13T07:13:13","guid":{"rendered":"https:\/\/www.radioluna.it\/news\/?p=342358"},"modified":"2024-01-05T13:39:18","modified_gmt":"2024-01-05T12:39:18","slug":"terminato-il-restauro-del-presepe-di-terracotta-di-maranola","status":"publish","type":"post","link":"https:\/\/www.radioluna.it\/news\/2023\/12\/terminato-il-restauro-del-presepe-di-terracotta-di-maranola\/","title":{"rendered":"Terminato il restauro dell&#8217;antico presepe di terracotta di Maranola"},"content":{"rendered":"<div id=\"fb-root\"><\/div>\n<p><strong>FORMIA &#8211; <\/strong>\u00c8 stato ultimato il restauro del presepe di terracotta che si venera a Maranola di Formia, nella chiesa di Santa Maria dei Martiri, risalente al XVI secolo. Il 16 dicembre \u00e8 prevista la presentazione dell&#8217;opera di restauro mentre il 21 dicembre si terr\u00e0 un incontro con lo storico dell&#8217;arte Vittorio Sgarbi. I pi\u00f9 recenti studi definiscono il presepe di Maranola come uno dei pi\u00f9 antichi in Italia ancora visibili e con un culto ancora attivo. Infatti, davanti alla Cappella del Presepe si celebra, dal 16 al 24 dicembre a partire dalle ore 5.00, una partecipatissima Novena di Natale con il suono delle tradizionali zampogne.<img loading=\"lazy\" decoding=\"async\" class=\"wp-image-342364 alignright\" src=\"https:\/\/www.radioluna.it\/news\/wp-content\/uploads\/2023\/12\/Maranola-chiesa-Santa-Maria-Martiri-esterno.jpg\" alt=\"\" width=\"298\" height=\"214\" srcset=\"https:\/\/www.radioluna.it\/news\/wp-content\/uploads\/2023\/12\/Maranola-chiesa-Santa-Maria-Martiri-esterno.jpg 1280w, https:\/\/www.radioluna.it\/news\/wp-content\/uploads\/2023\/12\/Maranola-chiesa-Santa-Maria-Martiri-esterno-768x553.jpg 768w\" sizes=\"auto, (max-width: 298px) 100vw, 298px\" \/><\/p>\n<p>Sabato 16 dicembre a partire dalle ore 16.30 si terr\u00e0 l\u2019inaugurazione e la presentazione dei restauri, a cura della Parrocchia di Maranola, unitamente alla Soprintendenza. Dopo i saluti istituzionali, il pomeriggio di studio prevede tre interventi: il professor\u00a0Riccardo Naldi\u00a0sul tema \u201cPresepi del rinascimento meridionale\u201d, il professor\u00a0Marco D&#8217;Attanasio\u00a0sul tema \u201cConsiderazioni storico-artistiche sul presepe\u201d e il professor don\u00a0Gennaro Petruccelli\u00a0sul tema \u201cLa grotta: luogo immersivo e simbolico\u201d.<\/p>\n<p style=\"text-align: justify;\">Invece, gioved\u00ec 21 dicembre alle ore 18.00 sar\u00e0 ospite Vittorio Sgarbi, Sottosegretario al Ministero della Cultura e storico dell&#8217;arte, che terr\u00e0 un Commento all&#8217;opera la cui inaugurazione arriva dopo anni di lavori per scrivere una pagina nobilissima della storia dell\u2019arte nel territorio del golfo di Gaeta.<\/p>\n<p style=\"text-align: justify;\">\u201cUna gioia immensa, vedere tutto il Presepe ricomposto in questi anni e le statue cinquecentesche restituite al loro originario splendore. Immergersi nel mistero pi\u00f9 dolce e intimo della nostra fede, a Maranola \u00e8 possibile, ogni giorno, ma a Natale ancora di pi\u00f9\u201d. Queste le parole del Parroco don Gennaro Petruccelli, che \u00e8 anche direttore dell\u2019ufficio per i beni culturali ecclesiastici e l\u2019edilizia di culto dell\u2019arcidiocesi di Gaeta, ed \u00e8 stato regista dell&#8217;operazione di recupero .<\/p>\n<p style=\"text-align: justify;\">IL CANTIERE &#8211;\u00a0Il cantiere di restauro del Presepe in Terracotta di Maranola \u00e8 durato ben nove anni. L\u2019iniziativa \u00e8 stata sostenuta dal 2015 dalla Parrocchia di San Luca Evangelista di Maranola, con il concorso dei tanti fedeli, Michele De Meo, importante benefattore emigrato negli Stati Uniti, diverse associazioni del territorio (Maranola Nostra, Azione Cattolica di Maranola). Il secondo lotto dei restauri \u00e8 stato finanziato dal Comune di Formia nell\u2019anno 2017, mentre il completamento dell\u2019intera opera ha ricevuto finanziamenti direttamente dal Ministero della Cultura. Soprintendenti e Funzionari ministeriali hanno seguito professionalmente i lavori e operato \u2013 di concerto con l\u2019Ufficio Beni Culturali dell\u2019Arcidiocesi di Gaeta \u2013 le scelte di restauro.<\/p>\n<p style=\"text-align: justify;\">L\u2019OPERA &#8211;\u00a0L&#8217;opera \u00e8 un unicum sull\u2019intero territorio nazionale, per diversi motivi legati agli aspetti storico-artistici dell\u2019opera, che ben saranno rappresentati negli appuntamenti dedicati del 16 e del 21 dicembre, quando il Sottosegretario al Ministero della Cultura Prof. Vittorio Sgarbi, sar\u00e0 a Maranola per una lectio magistralis davanti alla Cappella del Presepe. L\u2019assoluta particolarit\u00e0, che ha guidato come criterio irrinunciabile i restauri di questi anni, \u00e8 il fatto che il Presepe di Maranola \u00e8 un\u2019opera che gode di culto attivo per la comunit\u00e0. Da tempo immemorabile dal 16 al 24 dicembre ogni anno si tiene la tradizionale Novena di Natale nella chiesa di Santa Maria, animata da organo e zampogne alle 05.30 del mattino, partecipatissima da bambini, ragazzi e fedeli da ogni parte del Golfo. Una magia che fa della Cappella del Presepe una piccola Betlemme che immerge tutti nel mistero del Natale.<\/p>\n<p style=\"text-align: justify;\">Affrescata nel XV secolo sul tema della Nativit\u00e0, la Cappella del Presepe della Chiesa di Santa Maria dei Martiri a Maranola \u00e8 divenuta agli inizi del 1500 un\u2019opera complessa e monumentale. Gli affreschi della volta rappresentanti i quattro Evangelisti annunciatori della nascita di Cristo, sovrastano la scena del Presepe, resa con ben 27 statue in terracotta finemente dipinta, distribuite su due livelli: il primo sotto una volta a botte che simula la grotta di Betlemme, il secondo in alto, a completare la scena anche con elementi di paesaggio e architettonici.<\/p>\n<p style=\"text-align: justify;\">Nell\u2019ordine inferiore vi \u00e8 la Sacra Famiglia, con il bue e l\u2019asinello della tradizione presepiale. Sul livello superiore prendono forma tutti gli altri protagonisti che \u00e8 lecito aspettarsi in un presepe napoletano: i Magi anzitutto, poi i pastori, le donne, due soldati, e ancora pecorelle e altri animali, fino all\u2019Angelo annunziante la grande gioia della nascita di Cristo.<\/p>\n<p style=\"text-align: justify;\">Il tema della luce \u00e8 dominante nel presepe di Maranola: la scena \u00e8 costruita attorno all\u2019idea di Cristo vera luce che entra nel mondo. La chiave di volta superiore culmina con la resa di un raggio di luce; la grotta \u00e8 forata perch\u00e9 la luce possa idealmente scendere sull\u2019altare inferiore e incarnarsi nel Bambino tra Maria e Giuseppe; i Re Magi si avvicinano gradualmente a Ges\u00f9, e cos\u00ec sempre in grado maggiore da Lui vengono illuminati, mentre i loro cavalli scalpitano per incontrare il Signore.<\/p>\n<p style=\"text-align: justify;\">&#8220;Un\u2019opera di straordinaria bellezza. Per fedeli, curiosi, amanti del Rinascimento e pi\u00f9 ampiamente dell\u2019arte, una possibilit\u00e0 di contemplazione del mistero del Natale raccontato in una pagina preziosa di pittura e scultura&#8221;, assicurano dall&#8217;Arcidiocesi di Gaeta.<\/p>\n<p>&nbsp;<\/p>\n","protected":false},"excerpt":{"rendered":"<p>FORMIA &#8211; \u00c8 stato ultimato il restauro del presepe di terracotta che si venera a Maranola di Formia, nella chiesa di Santa Maria dei Martiri, risalente al XVI secolo. Il 16 dicembre \u00e8 prevista la presentazione dell&#8217;opera di restauro mentre il 21 dicembre si terr\u00e0 un incontro con lo storico dell&#8217;arte Vittorio Sgarbi. I pi\u00f9 [&hellip;]<\/p>\n","protected":false},"author":62,"featured_media":342359,"comment_status":"open","ping_status":"open","sticky":false,"template":"","format":"standard","meta":{"footnotes":""},"categories":[735,15],"tags":[],"class_list":["post-342358","post","type-post","status-publish","format-standard","has-post-thumbnail","hentry","category-attualita","category-cultura"],"_links":{"self":[{"href":"https:\/\/www.radioluna.it\/news\/wp-json\/wp\/v2\/posts\/342358","targetHints":{"allow":["GET"]}}],"collection":[{"href":"https:\/\/www.radioluna.it\/news\/wp-json\/wp\/v2\/posts"}],"about":[{"href":"https:\/\/www.radioluna.it\/news\/wp-json\/wp\/v2\/types\/post"}],"author":[{"embeddable":true,"href":"https:\/\/www.radioluna.it\/news\/wp-json\/wp\/v2\/users\/62"}],"replies":[{"embeddable":true,"href":"https:\/\/www.radioluna.it\/news\/wp-json\/wp\/v2\/comments?post=342358"}],"version-history":[{"count":3,"href":"https:\/\/www.radioluna.it\/news\/wp-json\/wp\/v2\/posts\/342358\/revisions"}],"predecessor-version":[{"id":342442,"href":"https:\/\/www.radioluna.it\/news\/wp-json\/wp\/v2\/posts\/342358\/revisions\/342442"}],"wp:featuredmedia":[{"embeddable":true,"href":"https:\/\/www.radioluna.it\/news\/wp-json\/wp\/v2\/media\/342359"}],"wp:attachment":[{"href":"https:\/\/www.radioluna.it\/news\/wp-json\/wp\/v2\/media?parent=342358"}],"wp:term":[{"taxonomy":"category","embeddable":true,"href":"https:\/\/www.radioluna.it\/news\/wp-json\/wp\/v2\/categories?post=342358"},{"taxonomy":"post_tag","embeddable":true,"href":"https:\/\/www.radioluna.it\/news\/wp-json\/wp\/v2\/tags?post=342358"}],"curies":[{"name":"wp","href":"https:\/\/api.w.org\/{rel}","templated":true}]}}