{"id":342433,"date":"2023-12-13T12:05:03","date_gmt":"2023-12-13T11:05:03","guid":{"rendered":"https:\/\/www.radioluna.it\/news\/?p=342433"},"modified":"2023-12-15T13:43:56","modified_gmt":"2023-12-15T12:43:56","slug":"latina-e-gaeta-tra-le-dieci-finaliste-a-citta-capitale-italiana-della-cultura-2026","status":"publish","type":"post","link":"https:\/\/www.radioluna.it\/news\/2023\/12\/latina-e-gaeta-tra-le-dieci-finaliste-a-citta-capitale-italiana-della-cultura-2026\/","title":{"rendered":"Latina e Gaeta tra le dieci finaliste a Citt\u00e0 Capitale italiana della Cultura 2026"},"content":{"rendered":"<div id=\"fb-root\"><\/div>\n<p style=\"text-align: justify;\"><strong>LATINA\u00a0<\/strong> &#8211; Latina e Gaeta sono tra le dieci candidate finaliste per la selezione della Citt\u00e0 Capitale italiana della Cultura 2026. A deciderlo la commissione presieduta da Davide Maria Desario che\u00a0 ha scelto di lasciare in gara i progetti pontini dopo aver esaminato le 16 candidature pervenute.<\/p>\n<p style=\"text-align: justify;\">Le due citt\u00e0 della provincia di Latina, il capoluogo guidato dalla giunta Celentano con il progetto &#8220;Latina bonum facere&#8221; e Gaeta sotto la guida della giunta Leccese e con il progetto &#8220;Blu, il Clima della Cultura&#8221;, parteciperanno dunque all&#8217;ultima fase della selezione e se la dovranno vedere con \u00a0Agnone (Isernia), Alba (Cuneo), L\u2019Aquila, Lucera (Foggia), \u00a0Maratea (Potenza), Rimini, Treviso e con l&#8217;Unione dei Comuni Valdichiana Senese (Siena).<\/p>\n<p style=\"text-align: justify;\"><strong>LE AUDIZIONI<\/strong> &#8211; Le finaliste\u00a0 &#8211; si legge sul sito del Ministero della Cultura &#8211; verranno convocate nei giorni 4 e 5 marzo 2024 per le <a href=\"https:\/\/www.radioluna.it\/news\/2023\/12\/latina-finalista-celentano-una-bellissima-notizia-un-progetto-al-quale-ho-creduto-fermamente\/\">audizioni pubbliche<\/a>. Sar\u00e0 l\u2019occasione per ogni candidata di illustrare nel dettaglio il proprio progetto agli esperti che dovranno valutarli. Per ciascun dossier le audizioni avranno una durata di massimo 60 minuti, di cui 30 per la presentazione del progetto e 30 per una sessione di domande effettuate dalla Giuria.<\/p>\n<p style=\"text-align: justify;\"><strong>LA PROCLAMAZIONE<\/strong> &#8211; La proclamazione della Capitale italiana della Cultura si terr\u00e0 entro il 29 marzo 2024. La citt\u00e0 vincitrice sar\u00e0 assegnataria di un contributo finanziario di un milione di euro per concretizzare gli obiettivi delineati nel progetto di candidatura. Questo finanziamento sostanziale permetter\u00e0 di tradurre le idee in azioni concrete, dando vita a un programma annuale per esporre la ricchezza culturale e le prospettive di sviluppo della vincitrice.<\/p>\n<p>&nbsp;<\/p>\n","protected":false},"excerpt":{"rendered":"<p>LATINA\u00a0 &#8211; Latina e Gaeta sono tra le dieci candidate finaliste per la selezione della Citt\u00e0 Capitale italiana della Cultura 2026. A deciderlo la commissione presieduta da Davide Maria Desario che\u00a0 ha scelto di lasciare in gara i progetti pontini dopo aver esaminato le 16 candidature pervenute. Le due citt\u00e0 della provincia di Latina, il [&hellip;]<\/p>\n","protected":false},"author":62,"featured_media":342434,"comment_status":"open","ping_status":"open","sticky":false,"template":"","format":"standard","meta":{"footnotes":""},"categories":[8],"tags":[],"class_list":["post-342433","post","type-post","status-publish","format-standard","has-post-thumbnail","hentry","category-politica"],"_links":{"self":[{"href":"https:\/\/www.radioluna.it\/news\/wp-json\/wp\/v2\/posts\/342433","targetHints":{"allow":["GET"]}}],"collection":[{"href":"https:\/\/www.radioluna.it\/news\/wp-json\/wp\/v2\/posts"}],"about":[{"href":"https:\/\/www.radioluna.it\/news\/wp-json\/wp\/v2\/types\/post"}],"author":[{"embeddable":true,"href":"https:\/\/www.radioluna.it\/news\/wp-json\/wp\/v2\/users\/62"}],"replies":[{"embeddable":true,"href":"https:\/\/www.radioluna.it\/news\/wp-json\/wp\/v2\/comments?post=342433"}],"version-history":[{"count":8,"href":"https:\/\/www.radioluna.it\/news\/wp-json\/wp\/v2\/posts\/342433\/revisions"}],"predecessor-version":[{"id":342453,"href":"https:\/\/www.radioluna.it\/news\/wp-json\/wp\/v2\/posts\/342433\/revisions\/342453"}],"wp:featuredmedia":[{"embeddable":true,"href":"https:\/\/www.radioluna.it\/news\/wp-json\/wp\/v2\/media\/342434"}],"wp:attachment":[{"href":"https:\/\/www.radioluna.it\/news\/wp-json\/wp\/v2\/media?parent=342433"}],"wp:term":[{"taxonomy":"category","embeddable":true,"href":"https:\/\/www.radioluna.it\/news\/wp-json\/wp\/v2\/categories?post=342433"},{"taxonomy":"post_tag","embeddable":true,"href":"https:\/\/www.radioluna.it\/news\/wp-json\/wp\/v2\/tags?post=342433"}],"curies":[{"name":"wp","href":"https:\/\/api.w.org\/{rel}","templated":true}]}}