{"id":342449,"date":"2023-12-13T13:04:35","date_gmt":"2023-12-13T12:04:35","guid":{"rendered":"https:\/\/www.radioluna.it\/news\/?p=342449"},"modified":"2023-12-13T13:29:41","modified_gmt":"2023-12-13T12:29:41","slug":"latina-finalista-celentano-una-bellissima-notizia-un-progetto-al-quale-ho-creduto-fermamente","status":"publish","type":"post","link":"https:\/\/www.radioluna.it\/news\/2023\/12\/latina-finalista-celentano-una-bellissima-notizia-un-progetto-al-quale-ho-creduto-fermamente\/","title":{"rendered":"Latina finalista, Celentano: &#8220;Una bellissima notizia, un progetto al quale ho creduto fermamente&#8221;"},"content":{"rendered":"<div id=\"fb-root\"><\/div>\n<p style=\"text-align: justify;\"><strong><img loading=\"lazy\" decoding=\"async\" class=\"alignnone size-full wp-image-342450\" src=\"https:\/\/www.radioluna.it\/news\/wp-content\/uploads\/2023\/12\/celentano.jpg\" alt=\"\" width=\"1585\" height=\"1037\" srcset=\"https:\/\/www.radioluna.it\/news\/wp-content\/uploads\/2023\/12\/celentano.jpg 1585w, https:\/\/www.radioluna.it\/news\/wp-content\/uploads\/2023\/12\/celentano-768x502.jpg 768w, https:\/\/www.radioluna.it\/news\/wp-content\/uploads\/2023\/12\/celentano-1536x1005.jpg 1536w\" sizes=\"auto, (max-width: 1585px) 100vw, 1585px\" \/>LATINA<\/strong> &#8211; Dopo la notizia che Latina con il suo \u201cBonum facere\u201d rientra tra le<a href=\"https:\/\/www.radioluna.it\/news\/2023\/12\/latina-e-gaeta-tra-le-dieci-finaliste-a-citta-capitale-italiana-della-cultura-2026\/\"> dieci finaliste alla selezione per la Citt\u00e0 Capitale Italiana della Cultura<\/a>, esprime profonda soddisfazione la sindaca Matilde Celentano: \u201cUna bellissima notizia \u2013 ha commentato subito il sindaco Matilde Celentano &#8211; E\u2019 un progetto al quale ho creduto fermamente, insieme all\u2019assessore Annalisa Muzio, \u00a0sin dai primi giorni d\u2019insediamento. Il risultato \u00e8 frutto dello straordinario lavoro che abbiamo affidato all\u2019architetto Daniela Cavallo, dell\u2019agenzia PG&amp;W, che in pochissimi giorni \u00e8 riuscita a svelare le unicit\u00e0 di Latina in un dossier che si \u00e8 rivelato strategico ai fini del concorso e non solo. Perch\u00e9, come abbiamo sempre sostenuto, il lavoro dell\u2019architetto Cavallo \u00e8 una guida preziosa per la crescita culturale della citt\u00e0, sulla quale l\u2019amministrazione comunale che rappresento sta investendo moltissimo. Sono anche lieta \u2013 ha aggiunto la prima cittadina del capoluogo pontino \u2013 per il risultato raggiunto dalla citt\u00e0 di Gaeta, segno inequivocabile delle potenzialit\u00e0 \u00a0che la nostra provincia \u00e8 in grado di esprimere\u201d.<\/p>\n<p style=\"text-align: justify;\">Latina dovr\u00e0 dunque ora presentarsi all&#8217;audizione gi\u00e0 fissata al 4 marzo prossimo 15.15 alle 16.15. L\u2019ufficialit\u00e0 della notizia \u00e8 arrivata questa mattina, nella sede di piazza del Popolo, a mezzo Pec. Il Ministero della Cultura.<\/p>\n<p style=\"text-align: justify;\">A margine della bella notizia &#8211; spiegano dal Comune &#8211; certificata dalla firma segretario generale del Ministero della Cultura, il dottor Mario Turetta, il calendario della audizioni in presenza, che potranno essere seguite in diretta streaming sul canale YouTube del Ministero.<\/p>\n<p style=\"text-align: justify;\">\u201cSono convinta \u2013 ha affermato Celentano \u2013 che faremo una bellissima figura anche il 4 marzo. E ora diamoci da fare tutti. Abbiamo un cantiere in fermento, quello di Latina26, per sostenere fino all\u2019ultimo giorno utile il progetto di candidatura\u201d.<\/p>\n<p style=\"text-align: justify;\">\u201cColgo l\u2019occasione per ringraziare tutti i partner di questa avventura iniziata insieme agli Ordini degli architetti di Latina e Verona, con l\u2019universit\u00e0 Sapienza, e proseguita con l\u2019adesione di un centinaio di enti ed associazioni. Un affascinante viaggio che ci ha fatto amare ancora di pi\u00f9 la nostra citt\u00e0, Latina\u201d, ha concluso il sindaco Celentano.<\/p>\n<p>&nbsp;<\/p>\n","protected":false},"excerpt":{"rendered":"<p>LATINA &#8211; Dopo la notizia che Latina con il suo \u201cBonum facere\u201d rientra tra le dieci finaliste alla selezione per la Citt\u00e0 Capitale Italiana della Cultura, esprime profonda soddisfazione la sindaca Matilde Celentano: \u201cUna bellissima notizia \u2013 ha commentato subito il sindaco Matilde Celentano &#8211; E\u2019 un progetto al quale ho creduto fermamente, insieme all\u2019assessore [&hellip;]<\/p>\n","protected":false},"author":62,"featured_media":330426,"comment_status":"open","ping_status":"open","sticky":false,"template":"","format":"standard","meta":{"footnotes":""},"categories":[8],"tags":[],"class_list":["post-342449","post","type-post","status-publish","format-standard","has-post-thumbnail","hentry","category-politica"],"_links":{"self":[{"href":"https:\/\/www.radioluna.it\/news\/wp-json\/wp\/v2\/posts\/342449","targetHints":{"allow":["GET"]}}],"collection":[{"href":"https:\/\/www.radioluna.it\/news\/wp-json\/wp\/v2\/posts"}],"about":[{"href":"https:\/\/www.radioluna.it\/news\/wp-json\/wp\/v2\/types\/post"}],"author":[{"embeddable":true,"href":"https:\/\/www.radioluna.it\/news\/wp-json\/wp\/v2\/users\/62"}],"replies":[{"embeddable":true,"href":"https:\/\/www.radioluna.it\/news\/wp-json\/wp\/v2\/comments?post=342449"}],"version-history":[{"count":2,"href":"https:\/\/www.radioluna.it\/news\/wp-json\/wp\/v2\/posts\/342449\/revisions"}],"predecessor-version":[{"id":342452,"href":"https:\/\/www.radioluna.it\/news\/wp-json\/wp\/v2\/posts\/342449\/revisions\/342452"}],"wp:featuredmedia":[{"embeddable":true,"href":"https:\/\/www.radioluna.it\/news\/wp-json\/wp\/v2\/media\/330426"}],"wp:attachment":[{"href":"https:\/\/www.radioluna.it\/news\/wp-json\/wp\/v2\/media?parent=342449"}],"wp:term":[{"taxonomy":"category","embeddable":true,"href":"https:\/\/www.radioluna.it\/news\/wp-json\/wp\/v2\/categories?post=342449"},{"taxonomy":"post_tag","embeddable":true,"href":"https:\/\/www.radioluna.it\/news\/wp-json\/wp\/v2\/tags?post=342449"}],"curies":[{"name":"wp","href":"https:\/\/api.w.org\/{rel}","templated":true}]}}