{"id":342458,"date":"2023-12-13T13:29:25","date_gmt":"2023-12-13T12:29:25","guid":{"rendered":"https:\/\/www.radioluna.it\/news\/?p=342458"},"modified":"2023-12-13T17:03:08","modified_gmt":"2023-12-13T16:03:08","slug":"in-finale-a-capitale-della-cultura-2026-muzio-latina-ce","status":"publish","type":"post","link":"https:\/\/www.radioluna.it\/news\/2023\/12\/in-finale-a-capitale-della-cultura-2026-muzio-latina-ce\/","title":{"rendered":"In finale a Capitale della cultura 2026, Muzio: &#8220;Latina c\u2019\u00e8&#8221;"},"content":{"rendered":"<div id=\"fb-root\"><\/div>\n<p style=\"text-align: justify;\"><strong>LATINA<\/strong> &#8211;\u00a0\u201cLatina c\u2019\u00e8. Ci abbiamo creduto, abbiamo lavorato e abbiamo portato la nostra citt\u00e0 in finale&#8221;. E&#8217; il commento di Annalisa Muzio, assessore all\u2019Urbanistica del Comune di Latina dopo la notizia che il capoluogo \u00e8 tra le dieci citt\u00e0 finaliste per la Capitale italiana della Cultura.<\/p>\n<p style=\"text-align: justify;\">&#8220;E stata una scommessa su cui abbiamo puntato sin dal primo giorno, con tutto il nostro entusiasmo e la nostra passione, al di l\u00e0 di ogni scetticismo &#8211; ha detto\u00a0 Muzio &#8211;\u00a0 Abbiamo fatto sinergia e rete, coinvolgendo tantissimi cittadini, le altre istituzioni, le associazioni e i partner privati. Una candidatura che ha avuto il sostegno, solo per citare alcuni dei partner, della rettrice della Sapienza, del presidente della Regione Rocca e di Gerardo Stefanelli, il presidente della Provincia. Una cabina di regia che ci ha emozionato, in ogni fase, ed oggi in maniera particolare. La stesura del dossier \u201cLatina Bonum Facere\u201d e l\u2019apertura del CantiereLatina26 ha coinvolto tutto i consiglieri comunali, al quale va un plauso e un ringraziamento, e ci ha consentito di fare squadra senza colori politici, nel solo segno della cultura, per cogliere questa opportunit\u00e0 con l\u2019obiettivo di migliorare l\u2019offerta culturale con ricadute positive sull\u2019intero territorio. Arriva, ora, la sfida pi\u00f9 grande in attesa delle audizioni pubbliche di marzo. Latina continuer\u00e0 ancora con pi\u00f9 determinazione il percorso gi\u00e0 avviato e, grazie all\u2019entusiasmo dei cittadini, avr\u00e0 la carica giusta per puntare al riconoscimento pi\u00f9 alto. Uno speciale ringraziamento al nostro Sindaco, che \u00e8 stata da subito pronta ad ingaggiare questa sfida insieme a me e a tutta la giunta, agli uffici e all\u2019architetto Daniela Cavallo per l\u2019ottimo lavoro fatto\u201d.<\/p>\n<p style=\"text-align: justify;\">\u201cE\u2019 una notizia straordinaria. Sei mesi fa se avessero detto che Latina sarebbe stata tra le dieci finaliste, non ci avrebbe creduto nessuno. \u00c8 un risultato incredibile: oggi siamo tra le dieci citt\u00e0 italiane che potrebbero diventare la Capitale della Cultura. \u00c8 una vittoria a prescindere da quello che avverr\u00e0, che conferma un grande lavoro fatto sul dossier presentato al Ministero in soli due mesi. Un lavoro non banale e unico nel metodo, possibile grazie alla partecipazione attiva di tutto il territorio. Adesso la citt\u00e0 deve giocarsi con le unghie e con i denti la possibilit\u00e0 di raggiungere il titolo. Bisogner\u00e0 accogliere le persone che vorranno venire a visitare questa citt\u00e0-territorio che va dai monti al mare, riuscendo ad essere all\u2019altezza dell\u2019immaginario collettivo che ora si \u00e8 costruito. \u00c8 una nuova sfida che inizia, la pi\u00f9 grande\u201d. Queste le parole di Daniela Cavallo, direttrice del progetto &#8216;Latina candidata Capitale Italiana della Cultura 2026&#8217;.<\/p>\n","protected":false},"excerpt":{"rendered":"<p>LATINA &#8211;\u00a0\u201cLatina c\u2019\u00e8. Ci abbiamo creduto, abbiamo lavorato e abbiamo portato la nostra citt\u00e0 in finale&#8221;. E&#8217; il commento di Annalisa Muzio, assessore all\u2019Urbanistica del Comune di Latina dopo la notizia che il capoluogo \u00e8 tra le dieci citt\u00e0 finaliste per la Capitale italiana della Cultura. &#8220;E stata una scommessa su cui abbiamo puntato sin [&hellip;]<\/p>\n","protected":false},"author":60,"featured_media":0,"comment_status":"open","ping_status":"open","sticky":false,"template":"","format":"standard","meta":{"footnotes":""},"categories":[735,2428],"tags":[],"class_list":["post-342458","post","type-post","status-publish","format-standard","hentry","category-attualita","category-primo-piano"],"_links":{"self":[{"href":"https:\/\/www.radioluna.it\/news\/wp-json\/wp\/v2\/posts\/342458","targetHints":{"allow":["GET"]}}],"collection":[{"href":"https:\/\/www.radioluna.it\/news\/wp-json\/wp\/v2\/posts"}],"about":[{"href":"https:\/\/www.radioluna.it\/news\/wp-json\/wp\/v2\/types\/post"}],"author":[{"embeddable":true,"href":"https:\/\/www.radioluna.it\/news\/wp-json\/wp\/v2\/users\/60"}],"replies":[{"embeddable":true,"href":"https:\/\/www.radioluna.it\/news\/wp-json\/wp\/v2\/comments?post=342458"}],"version-history":[{"count":1,"href":"https:\/\/www.radioluna.it\/news\/wp-json\/wp\/v2\/posts\/342458\/revisions"}],"predecessor-version":[{"id":342460,"href":"https:\/\/www.radioluna.it\/news\/wp-json\/wp\/v2\/posts\/342458\/revisions\/342460"}],"wp:attachment":[{"href":"https:\/\/www.radioluna.it\/news\/wp-json\/wp\/v2\/media?parent=342458"}],"wp:term":[{"taxonomy":"category","embeddable":true,"href":"https:\/\/www.radioluna.it\/news\/wp-json\/wp\/v2\/categories?post=342458"},{"taxonomy":"post_tag","embeddable":true,"href":"https:\/\/www.radioluna.it\/news\/wp-json\/wp\/v2\/tags?post=342458"}],"curies":[{"name":"wp","href":"https:\/\/api.w.org\/{rel}","templated":true}]}}