{"id":342461,"date":"2023-12-13T15:57:16","date_gmt":"2023-12-13T14:57:16","guid":{"rendered":"https:\/\/www.radioluna.it\/news\/?p=342461"},"modified":"2023-12-14T12:12:23","modified_gmt":"2023-12-14T11:12:23","slug":"capitale-della-cultura-2026-latina-e-gaeta-tra-le-10-finaliste-tutti-i-commenti","status":"publish","type":"post","link":"https:\/\/www.radioluna.it\/news\/2023\/12\/capitale-della-cultura-2026-latina-e-gaeta-tra-le-10-finaliste-tutti-i-commenti\/","title":{"rendered":"Capitale della cultura 2026, Latina e Gaeta tra le 10 finaliste: tutti i commenti"},"content":{"rendered":"<div id=\"fb-root\"><\/div>\n<p>LATINA E GAETA &#8211; Dopo la notizia che sia Latina che Gaeta sono rientrate tra le dieci finaliste per Capitale italiana della cultura 2026, sono tantissimi i commenti che si susseguono in queste ore<\/p>\n<p>PALAZZO &#8211; \u00abNon posso che essere felice nell\u2019apprendere che le citt\u00e0 di Latina e Gaeta sono rientrate tra le 10 finaliste per il titolo di Capitale italiana della Cultura 2026. Il fatto che su 10 candidature, due siano proprio nella provincia di Latina, rappresenta gi\u00e0 un primo importante riconoscimento al valore che il territorio pontino \u00e8 in grado di esprimere\u00bb, lo dichiara l\u2019assessore all\u2019Ambiente, alla Transizione Energetica e allo Sport della Regione Lazio, Elena Palazzo.\u00a0\u00abUna competizione entusiasmante che spinge ad esaltare il nostro patrimonio storico e culturale. Una bellissima opportunit\u00e0 \u2013 conclude l\u2019assessore &#8211; per far conoscere all\u2019Italia e al mondo le nostre ricchezze. Che vinca il migliore!\u00bb.<\/p>\n<p style=\"text-align: justify;\">ADINOLFI &#8211;\u00a0\u201cTra i dieci progetti finalisti candidati a Capitale italiana della cultura 2026 rientrano quelli di Latina e Gaeta. La comunicazione, diramata nella mattinata odierna dal Ministero della Cultura, conferma la bont\u00e0 del lavoro svolto dalle due amministrazioni comunali della provincia pontina, alle quali va il mio plauso, ma ancor di pi\u00f9 l\u2019inestimabile valore culturale che le due citt\u00e0 hanno dimostrato di avere e che, attraverso il contributo finanziario di un milione di euro a cui aspirano con la vittoria del titolo, vogliono valorizzare e potenziare con prospettive di sviluppo nel breve e lungo periodo. Diverse per storia, caratteristiche geomorfologiche e urbanistiche, attitudini e patrimonio culturale e paesaggistico, Latina e Gaeta hanno dato prova di aver grande coraggio e ambizione, riconoscendo la necessit\u00e0 di mettere a sistema tempi e risorse e scalzando il pregiudizio della \u2018cultura fine a se stessa\u2019, legata solamente a intrattenimento o estetica. Diversamente le due citt\u00e0 hanno ritenuto fosse arrivato il momento di investire nella cosiddetta industria culturale, abbracciando la cultura che crea impresa, produce e contribuisce al pil locale, creando occupazione e sempre nuove opportunit\u00e0 per i cittadini. Una direzione che auspico possa proseguire indipendentemente dalla vincita del titolo, nella consapevolezza di come oggi pi\u00f9 che mai ci sia la necessit\u00e0 di assicurare crescita generalizzata ai territori, coinvolgendo le realt\u00e0 in essi gi\u00e0 presenti e stimolando nuove nascite, nell\u2019ottica di un continuo e rinnovato sviluppo del tessuto socio-economico e produttivo\u201d. Lo dichiara in una nota l\u2019eurodeputato della Lega Matteo Adinolfi.<\/p>\n<p style=\"text-align: justify;\">TIERO &#8211;\u00a0&#8220;Una bellissima notizia per tutta la nostra provincia. La giuria per la selezione della citt\u00e0 Capitale italiana della Cultura 2026, presieduta da Davide Maria Desario, ha scelto i 10 progetti finalisti e tra questi ci sono quelli presentati da Latina e Gaeta. Si tratta di un riconoscimento importante per tutto il nostro territorio. Siamo l&#8217;unica provincia che ha due candidate al titolo di Capitale italiana della Cultura. Da esponente politico istituzionale esprimo viva soddisfazione per il doppio successo registrato da due splendide citt\u00e0 &#8216;faro&#8217; del territorio pontino. Ritengo altres\u00ec necessario creare una grande sinergia tra queste ed in generale tutte le realt\u00e0 della provincia. Bisogna estendere le attivit\u00e0 culturali, turistiche e promozionali a tutte le meraviglie che la nostra provincia ha da mettere in campo. Oltre al capoluogo e a Gaeta, possiamo annoverare delle autentiche &#8216;perle&#8217; del mar Tirreno, come pure possiamo contare sulle straordinarie bellezze paesaggistiche del litorale e dei monti Lepini. Abbiamo tante realt\u00e0 anche storiche, che possono connettersi all\u2019altro grande pilastro da potenziare per un nuovo sviluppo economico, il turismo.\u00a0Sar\u00e0 sempre pi\u00f9 fondamentale concepire il comparto turismo\/cultura al pari delle realt\u00e0 industriali classiche. Il turismo e la cultura sono certamente trainanti per la nostra economia. Dovremo farci promotori dell\u2019idea di un territorio turisticamente e culturalmente accogliente, sostenendo gli interventi necessari legislativi ed amministrativi per favorire ed incentivare le potenzialit\u00e0 di un settore che pu\u00f2 rappresentare un solido futuro per un&#8217;area ricca di storia, bellezze paesaggistiche ed eccellenze enogastronomiche&#8221;.\u00a0Lo dichiara in una nota Enrico Tiero, vice portavoce regionale di FdI e presidente della commissione Sviluppo economico e Attivit\u00e0 produttive del Consiglio regionale del Lazio<\/p>\n<p style=\"text-align: justify;\">CALANDRINI &#8211;\u00a0\u201cLatina con il suo \u201cBonum facere\u201d e il Comune di Gaeta rientrano tra le dieci finaliste nel concorso nazionale per l\u2019aggiudicazione del titolo di Capitale italiana della Cultura. Un risultato che da pontino mi riempie di gioia e orgoglio e da rappresentante delle istituzioni mi rende ancora pi\u00f9 consapevole del fatto che la strada intrapresa sia quella giusta. Due Comuni della stessa Provincia che, al di l\u00e0 di quella che sar\u00e0 la scelta finale, vengono premiati, per delle proposte serie, concrete e soprattutto perch\u00e9 rappresentanti di unicit\u00e0 e potenzialit\u00e0 che abbiamo il dovere di continuare a valorizzare e far conoscere in tutto il mondo\u201d Accoglie cos\u00ec la notizia dell\u2019approdo in finale delle due candidature pontine il Senatore Nicola Calandrini, coordinatore provinciale di Fratelli d\u2019Italia.\u00a0\u201cEvidentemente entrambe le proposte erano serie, concrete, apprezzabili. Soprattutto i due territori dimostrano di far parte di una provincia ricca, densa di unicit\u00e0 attorno alle quali \u00e8 ora necessario fare sistema. Ancora una volta \u00e8 un ente esterno che certifica quanto di grandioso possediamo nel nostro territorio. Ora spero che i detrattori facciano un passo indietro e invece di denigrare e criticare continuamente comincino a contribuire allo sviluppo di questo territorio. Non siamo una provincia perfetta \u2013 conclude Calandrini &#8211; i problemi ci sono ma ai problemi si possono trovare soluzioni. Criticare \u00e8 pi\u00f9 semplice ma anche pi\u00f9 infruttuoso. Auguri alle due citt\u00e0 e alle due amministrazioni in lizza per il ruolo di Capitale Italiana della Cultura. Comunque andr\u00e0, questo territorio ha gi\u00e0 vinto\u201d.<\/p>\n<p>&nbsp;<\/p>\n","protected":false},"excerpt":{"rendered":"<p>LATINA E GAETA &#8211; Dopo la notizia che sia Latina che Gaeta sono rientrate tra le dieci finaliste per Capitale italiana della cultura 2026, sono tantissimi i commenti che si susseguono in queste ore PALAZZO &#8211; \u00abNon posso che essere felice nell\u2019apprendere che le citt\u00e0 di Latina e Gaeta sono rientrate tra le 10 finaliste [&hellip;]<\/p>\n","protected":false},"author":60,"featured_media":342434,"comment_status":"open","ping_status":"open","sticky":false,"template":"","format":"standard","meta":{"footnotes":""},"categories":[735,8],"tags":[],"class_list":["post-342461","post","type-post","status-publish","format-standard","has-post-thumbnail","hentry","category-attualita","category-politica"],"_links":{"self":[{"href":"https:\/\/www.radioluna.it\/news\/wp-json\/wp\/v2\/posts\/342461","targetHints":{"allow":["GET"]}}],"collection":[{"href":"https:\/\/www.radioluna.it\/news\/wp-json\/wp\/v2\/posts"}],"about":[{"href":"https:\/\/www.radioluna.it\/news\/wp-json\/wp\/v2\/types\/post"}],"author":[{"embeddable":true,"href":"https:\/\/www.radioluna.it\/news\/wp-json\/wp\/v2\/users\/60"}],"replies":[{"embeddable":true,"href":"https:\/\/www.radioluna.it\/news\/wp-json\/wp\/v2\/comments?post=342461"}],"version-history":[{"count":0,"href":"https:\/\/www.radioluna.it\/news\/wp-json\/wp\/v2\/posts\/342461\/revisions"}],"wp:featuredmedia":[{"embeddable":true,"href":"https:\/\/www.radioluna.it\/news\/wp-json\/wp\/v2\/media\/342434"}],"wp:attachment":[{"href":"https:\/\/www.radioluna.it\/news\/wp-json\/wp\/v2\/media?parent=342461"}],"wp:term":[{"taxonomy":"category","embeddable":true,"href":"https:\/\/www.radioluna.it\/news\/wp-json\/wp\/v2\/categories?post=342461"},{"taxonomy":"post_tag","embeddable":true,"href":"https:\/\/www.radioluna.it\/news\/wp-json\/wp\/v2\/tags?post=342461"}],"curies":[{"name":"wp","href":"https:\/\/api.w.org\/{rel}","templated":true}]}}