{"id":342464,"date":"2023-12-13T16:00:34","date_gmt":"2023-12-13T15:00:34","guid":{"rendered":"https:\/\/www.radioluna.it\/news\/?p=342464"},"modified":"2023-12-13T16:00:34","modified_gmt":"2023-12-13T15:00:34","slug":"capitale-della-cultura-2026-il-sindaco-di-gaeta-leccese-molto-orgoglioso-di-questo-primo-risultato","status":"publish","type":"post","link":"https:\/\/www.radioluna.it\/news\/2023\/12\/capitale-della-cultura-2026-il-sindaco-di-gaeta-leccese-molto-orgoglioso-di-questo-primo-risultato\/","title":{"rendered":"Capitale della cultura 2026, il sindaco di Gaeta Leccese: &#8220;Molto orgoglioso di questo primo risultato&#8221;"},"content":{"rendered":"<div id=\"fb-root\"><\/div>\n<p>Gaeta \u00e8 tra le dieci citt\u00e0 finaliste per l\u2019assegnazione del titolo di Capitale italiana della Cultura 2026! Nella mattinata odierna, la Giuria nominata dal Ministero della Cultura, presieduta da Davide Maria Desario, dopo aver esaminato le 16 candidature pervenute, ha comunicato ufficialmente i dieci progetti che accederanno alla fase finale della selezione.<\/p>\n<p>Insieme al nostro \u201cBlu, il Clima della Cultura\u201d, parteciperanno:<\/p>\n<p>1.\u00a0\u00a0\u00a0\u00a0\u00a0Agnone (Isernia): \u201cAgnone 2026: Fuoco, dentro. Margine al centro\u201d;<\/p>\n<p>2.\u00a0\u00a0\u00a0\u00a0\u00a0Alba (Cuneo): \u201cVivere \u00e8 cominciare. Langhe e Roero, un\u2019altra storia\u201d;<\/p>\n<p>3.\u00a0\u00a0\u00a0\u00a0\u00a0L\u2019Aquila: \u201cL\u2019Aquila Citt\u00e0 Multiverso\u201d;<\/p>\n<p>4.\u00a0\u00a0\u00a0\u00a0\u00a0Latina: \u201cLatina bonum facere\u201d;<\/p>\n<p>5.\u00a0\u00a0\u00a0\u00a0\u00a0Lucera (Foggia): \u201cLucera 2026: Crocevia di Popoli e Culture\u201d;<\/p>\n<p>6.\u00a0\u00a0\u00a0\u00a0\u00a0Maratea (Potenza): \u201cMaratea 2026. Il futuro parte da un viaggio millenario\u201d;<\/p>\n<p>7.\u00a0\u00a0\u00a0\u00a0\u00a0Rimini: \u201cVieni oltre. Il futuro qui e ora\u201d;<\/p>\n<p>8.\u00a0\u00a0\u00a0\u00a0\u00a0Treviso: \u201cI Sensi della Cultura\u201d;<\/p>\n<p>9.\u00a0\u00a0\u00a0\u00a0\u00a0Unione dei Comuni Valdichiana Senese (Siena): \u201cValdichiana 2026, seme d\u2019Italia\u201d.<\/p>\n<p style=\"text-align: justify;\">La notizia \u00e8 stata accolta con molta emozione, entusiasmo e soddisfazione dal Sindaco Cristian Leccese, dall\u2019intera Amministrazione comunale e da tutti i partner che hanno aderito al progetto, che ora dovranno prepararsi all\u2019ultimo step previsto prima della proclamazione ufficiale. I prossimi 4 e 5 marzo, infatti, le finaliste saranno convocate a Roma, presso il Ministero della Cultura, per le audizioni pubbliche, nel corso delle quali ogni candidata potr\u00e0 illustrare nel dettaglio il proprio dossier, in un massimo di 60 minuti: 30 per la presentazione del progetto e 30 per una sessione di domande effettuate dalla Giuria. L\u2019audizione di Gaeta \u00e8 prevista per luned\u00ec 4 marzo 2024, alle 11:30, con diretta streaming sul canale YouTube del Ministero della Cultura.<\/p>\n<p style=\"text-align: justify;\">\u00abSono molto contento, ma non solo \u2013 ha commentato il Sindaco Cristian Leccese &#8211; sono davvero molto orgoglioso di questo primo importante risultato: la nostra straordinaria Gaeta, il nostro dossier \u201cBlu, il Clima della Cultura\u201d sono stati inseriti tra le dieci finaliste per l\u2019assegnazione del titolo di Capitale italiana della Cultura 2026. Sento di ringraziare tutti i partner che hanno collaborato e che collaboreranno al progetto, perch\u00e9 si tratta di una candidatura che non riguarda solamente una Citt\u00e0, ma tutto il territorio, un territorio ampio che abbiamo chiamato \u201cLe Terre del Mito\u201d e che comprende 24 comuni, da Sabaudia al Garigliano, arrivando nel Cassinate. Un risultato che appare gi\u00e0 come un grandissimo successo, che ci vedr\u00e0 protagonisti sulla scena della cultura nazionale e che, penso e spero, potrebbe vederci diventare Capitale italiana della Cultura 2026. Adesso godiamoci questo momento di grande entusiasmo, per poi ripartire subito, nelle prossime settimane, per prepararci all\u2019audizione del 4 marzo, con l\u2019obiettivo di raggiungere tanti altri importanti traguardi. Un in bocca al lupo anche a Latina, che sar\u00e0 in finale con noi, a tutte le altre candidate, e che vinca la migliore! Avantitutta!\u00bb.<\/p>\n<p style=\"text-align: justify;\">\u00ab\u00c8 il frutto di un grande lavoro di squadra \u2013\u00a0ha aggiunto il Delegato alla cultura, Gennaro Romanelli\u00a0&#8211; svolto con tanto impegno e passione. Emozionati ed entusiasti portiamo avanti questa importante esperienza amministrativa. Un\u2019iniziativa sempre pi\u00f9 stimolante che gi\u00e0 sta ponendo le basi per una crescita culturale e sociale concreta del nostro territorio. Dalla candidatura, infatti, sono nate nuove e proficue sinergie che ci consentiranno di valorizzare il nostro patrimonio culturale a prescindere dagli esiti finali\u00bb.<\/p>\n<p style=\"text-align: justify;\">La proclamazione della Capitale della Cultura si terr\u00e0 entro il 29 marzo. La citt\u00e0 vincitrice sar\u00e0 assegnataria di un contributo finanziario di un milione di euro per concretizzare gli obiettivi delineati nel progetto di candidatura. Questo finanziamento sostanziale permetter\u00e0 di tradurre le idee in azioni concrete, dando vita a un programma annuale per esporre la ricchezza culturale e le prospettive di sviluppo della vincitrice.<\/p>\n","protected":false},"excerpt":{"rendered":"<p>Gaeta \u00e8 tra le dieci citt\u00e0 finaliste per l\u2019assegnazione del titolo di Capitale italiana della Cultura 2026! Nella mattinata odierna, la Giuria nominata dal Ministero della Cultura, presieduta da Davide Maria Desario, dopo aver esaminato le 16 candidature pervenute, ha comunicato ufficialmente i dieci progetti che accederanno alla fase finale della selezione. Insieme al nostro [&hellip;]<\/p>\n","protected":false},"author":60,"featured_media":341967,"comment_status":"open","ping_status":"open","sticky":false,"template":"","format":"standard","meta":{"footnotes":""},"categories":[735,2428],"tags":[],"class_list":["post-342464","post","type-post","status-publish","format-standard","has-post-thumbnail","hentry","category-attualita","category-primo-piano"],"_links":{"self":[{"href":"https:\/\/www.radioluna.it\/news\/wp-json\/wp\/v2\/posts\/342464","targetHints":{"allow":["GET"]}}],"collection":[{"href":"https:\/\/www.radioluna.it\/news\/wp-json\/wp\/v2\/posts"}],"about":[{"href":"https:\/\/www.radioluna.it\/news\/wp-json\/wp\/v2\/types\/post"}],"author":[{"embeddable":true,"href":"https:\/\/www.radioluna.it\/news\/wp-json\/wp\/v2\/users\/60"}],"replies":[{"embeddable":true,"href":"https:\/\/www.radioluna.it\/news\/wp-json\/wp\/v2\/comments?post=342464"}],"version-history":[{"count":0,"href":"https:\/\/www.radioluna.it\/news\/wp-json\/wp\/v2\/posts\/342464\/revisions"}],"wp:featuredmedia":[{"embeddable":true,"href":"https:\/\/www.radioluna.it\/news\/wp-json\/wp\/v2\/media\/341967"}],"wp:attachment":[{"href":"https:\/\/www.radioluna.it\/news\/wp-json\/wp\/v2\/media?parent=342464"}],"wp:term":[{"taxonomy":"category","embeddable":true,"href":"https:\/\/www.radioluna.it\/news\/wp-json\/wp\/v2\/categories?post=342464"},{"taxonomy":"post_tag","embeddable":true,"href":"https:\/\/www.radioluna.it\/news\/wp-json\/wp\/v2\/tags?post=342464"}],"curies":[{"name":"wp","href":"https:\/\/api.w.org\/{rel}","templated":true}]}}