{"id":342507,"date":"2023-12-14T13:37:10","date_gmt":"2023-12-14T12:37:10","guid":{"rendered":"https:\/\/www.radioluna.it\/news\/?p=342507"},"modified":"2023-12-14T14:39:55","modified_gmt":"2023-12-14T13:39:55","slug":"consulta-della-scuola-eletti-presidente-vicepresidente-e-segretario","status":"publish","type":"post","link":"https:\/\/www.radioluna.it\/news\/2023\/12\/consulta-della-scuola-eletti-presidente-vicepresidente-e-segretario\/","title":{"rendered":"Consulta della scuola: eletti presidente, vicepresidente e segretario"},"content":{"rendered":"<div id=\"fb-root\"><\/div>\n<p style=\"text-align: justify;\"><strong>LATINA &#8211;<\/strong> Si \u00e8 tenuta ieri la prima riunione della \u201cConsulta cittadina per la scuola\u201d, convocata dalla sindaca Matilde Celentano in qualit\u00e0 di presidente. Presenti l\u2019assessora alla Pubblica istruzione Francesca Tesone, l\u2019assessore alle Politiche giovanili Andrea Chiarato, la dirigente del servizio Scuola dell\u2019ente Municipale Lucia Giovangrossi e per la Provincia di Latina, su delega del presidente Gerardo Stefanelli,\u00a0 e Antonio Bonetto, referente dell&#8217;USR Lazio-ATP Latina.<\/p>\n<p style=\"text-align: justify;\">I lavori sono stati presieduti dall\u2019assessora Tesone, su delega del Sindaco, e sono iniziati con le elezioni del vicepresidente Giuseppe Azzati e del segretario Giovanni Ciaramella. L\u2019assemblea ha deciso di organizzarsi e costituirsi in commissioni tematiche specifiche con i seguenti argomenti: dimensionamento scolastico, 0-6 anni, edilizia scolastica e manutenzioni, inclusione e educazione all\u2019affettivit\u00e0 e alle relazioni.<\/p>\n<p style=\"text-align: justify;\">\u201cObiettivo della consulta \u2013 ha dichiarato\u00a0 Tesone \u2013 \u00e8 quello di accogliere le istanze di tutti coloro che orbitano nel mondo della scuola e degli enti preposti all\u2019educazione dei minori e dei giovani. \u00c8 un tavolo aperto nonch\u00e9 uno strumento con il quale potremo pianificare, insieme a tutte le parti coinvolte, il lavoro da portare avanti nell\u2019ambito della scuola e dell\u2019istruzione. Con la prima seduta di ieri si d\u00e0, dunque, il via a un percorso sinergico e di condivisione che l\u2019amministrazione sta contemporaneamente portando avanti anche su altri fronti, come quello della cultura, dello sport, dei servizi sociali. Ci auguriamo che ci siano proposte e confronti positivi, perch\u00e9 l\u2019obiettivo di tutte le parti coinvolte \u00e8 quello di fare del nostro meglio perch\u00e9 i giovani della nostra citt\u00e0 possano vivere l\u2019esperienza migliore a livello scolastico\u201d.<\/p>\n<p style=\"text-align: justify;\">\u201cDurante la riunione \u2013 ha commentato l\u2019assessore alle Politiche Giovanili e allo Sport Andrea Chiarato \u2013 ho avuto modo di sottolineare l\u2019importanza dello sport all\u2019interno degli istituti scolastici. La nostra amministrazione, inoltre, sta portando avanti un progetto con l\u2019Unicef che prevede un concorso con premi destinato agli istituti comprensivi e ai licei di Latina che ha come focus i diritti dell\u2019infanzia e dell\u2019adolescenza. Sar\u00e0 un\u2019occasione per trattare il tema a scuola, occupandosi di chi ha meno voce. Di questo e di molto altro si occuper\u00e0 anche la Consulta della scuola, che lavorer\u00e0 su pi\u00f9 fronti grazie ai componenti impegnati nelle diverse commissioni\u201d.<\/p>\n<p style=\"text-align: justify;\">Nel corso della riunione \u00e8 intervenuta anche la consigliera Francesca Maria Pagano per dare aggiornamenti in merito al progetto del Consiglio comunale delle bambine e dei bambini. \u201cCon il nuovo anno saremo pronti a partire con il Consiglio comunale delle bambine e dei bambini. Sono state inviate le mail per le adesioni alle scuole e siamo in attesa delle risposte. Al termine delle festivit\u00e0 natalizie provvederemo al sorteggio dei bambini delle scuole aderenti, in modo da istituire il primo consiglio comunale di cui io sar\u00f2 la rappresentante politica, su delega del Sindaco\u201d.<\/p>\n","protected":false},"excerpt":{"rendered":"<p>LATINA &#8211; Si \u00e8 tenuta ieri la prima riunione della \u201cConsulta cittadina per la scuola\u201d, convocata dalla sindaca Matilde Celentano in qualit\u00e0 di presidente. Presenti l\u2019assessora alla Pubblica istruzione Francesca Tesone, l\u2019assessore alle Politiche giovanili Andrea Chiarato, la dirigente del servizio Scuola dell\u2019ente Municipale Lucia Giovangrossi e per la Provincia di Latina, su delega del [&hellip;]<\/p>\n","protected":false},"author":60,"featured_media":342508,"comment_status":"open","ping_status":"open","sticky":false,"template":"","format":"standard","meta":{"footnotes":""},"categories":[8],"tags":[],"class_list":["post-342507","post","type-post","status-publish","format-standard","has-post-thumbnail","hentry","category-politica"],"_links":{"self":[{"href":"https:\/\/www.radioluna.it\/news\/wp-json\/wp\/v2\/posts\/342507","targetHints":{"allow":["GET"]}}],"collection":[{"href":"https:\/\/www.radioluna.it\/news\/wp-json\/wp\/v2\/posts"}],"about":[{"href":"https:\/\/www.radioluna.it\/news\/wp-json\/wp\/v2\/types\/post"}],"author":[{"embeddable":true,"href":"https:\/\/www.radioluna.it\/news\/wp-json\/wp\/v2\/users\/60"}],"replies":[{"embeddable":true,"href":"https:\/\/www.radioluna.it\/news\/wp-json\/wp\/v2\/comments?post=342507"}],"version-history":[{"count":2,"href":"https:\/\/www.radioluna.it\/news\/wp-json\/wp\/v2\/posts\/342507\/revisions"}],"predecessor-version":[{"id":342518,"href":"https:\/\/www.radioluna.it\/news\/wp-json\/wp\/v2\/posts\/342507\/revisions\/342518"}],"wp:featuredmedia":[{"embeddable":true,"href":"https:\/\/www.radioluna.it\/news\/wp-json\/wp\/v2\/media\/342508"}],"wp:attachment":[{"href":"https:\/\/www.radioluna.it\/news\/wp-json\/wp\/v2\/media?parent=342507"}],"wp:term":[{"taxonomy":"category","embeddable":true,"href":"https:\/\/www.radioluna.it\/news\/wp-json\/wp\/v2\/categories?post=342507"},{"taxonomy":"post_tag","embeddable":true,"href":"https:\/\/www.radioluna.it\/news\/wp-json\/wp\/v2\/tags?post=342507"}],"curies":[{"name":"wp","href":"https:\/\/api.w.org\/{rel}","templated":true}]}}