{"id":342776,"date":"2023-12-19T09:50:00","date_gmt":"2023-12-19T08:50:00","guid":{"rendered":"https:\/\/www.radioluna.it\/news\/?p=342776"},"modified":"2023-12-19T09:30:44","modified_gmt":"2023-12-19T08:30:44","slug":"compleanno-di-latina-lbc-nei-progetti-presentati-la-nostra-eredita-per-la-citta-da-portare-avanti-per-il-bene-comune","status":"publish","type":"post","link":"https:\/\/www.radioluna.it\/news\/2023\/12\/compleanno-di-latina-lbc-nei-progetti-presentati-la-nostra-eredita-per-la-citta-da-portare-avanti-per-il-bene-comune\/","title":{"rendered":"Compleanno di Latina, Lbc: &#8220;Nei progetti presentati la nostra eredit\u00e0 per la citt\u00e0 da portare avanti per il bene comune&#8221;"},"content":{"rendered":"<div id=\"fb-root\"><\/div>\n<p style=\"text-align: justify;\"><strong>LATINA &#8211; <\/strong>Anche l&#8217;ex sindaco Damiano Coletta fa gli auguri a Latina per i suoi 91 anni ricordando che il centenario \u00e8 vicino. \u201cIl futuro \u00e8 ormai prossimo \u2013 commenta il leader di Lbc &#8211; e la citt\u00e0 arriver\u00e0 al suo traguardo dei 100 anni profondamente cambiata e rigenerata. Ma al di l\u00e0 delle nuove vesti e della nuova immagine che tutti speriamo possa indossare e che non si perda, l\u2019auspicio \u00e8 che non si perde mai il senso di comunit\u00e0 e di accoglienza che ha sempre contraddistinto Latina. L\u2019augurio \u00e8 che si possa costruire il senso del bene comune di cui sono state gettate negli anni passati solide basi e che ogni quartiere del capoluogo sia finalmente bello e vivibile. I progetti del Pnrr, alcuni dei quali si inaugurano proprio in questa giornata\u00a0 &#8211; prosegue Coletta \u2013 cancelleranno gli obbrobri del passato per restituire ai cittadini nuovi spazi, maggiori servizi, quartieri rigenerati e un parco rimesso a nuovo nel cuore della citt\u00e0\u201d.<\/p>\n<p style=\"text-align: justify;\">\u201cProprio oggi, nel giorno del 91\u00b0 compleanno della citt\u00e0 \u2013 aggiunge la segretaria generale di Lbc Elettra Ortu La Barbera \u2013 si mette il punto su due progetti importanti per la citt\u00e0 avviati negli anni precedenti. L\u2019amministrazione sceglie di celebrare questa ricorrenza con la firma ufficiale per l\u2019acquisizione dell\u2019ex Banca d\u2019Italia e con l\u2019avvio dei lavori al Parco Falcone e Borsellino. Se oggi dunque si pu\u00f2 festeggiare il 18 dicembre con due progetti che guardano al futuro della citt\u00e0 \u00e8 grazie al fatto che qualcuno ha seminato bene negli anni precedenti lasciando all\u2019amministrazione attuale un\u2019eredit\u00e0 ben diversa da quella che qualche componente della maggioranza oggi descrive. L\u2019acquisto della sede della ex Banca d\u2019Italia e i lavori di riqualificazione del Parco Falcone e Borsellino finanziati con il Pnrr sono solo due dei progetti frutto di una programmazione degli anni passati che oggi vediamo realizzarsi. Nel primo caso ci auguriamo che lo storico edificio di Piazza della Libert\u00e0 venga destinato alla funzione che era stata immaginata: di luogo aperto dedicato ai giovani, per rispondere con atti concreti e non solo con proclami alle esigenze di generazioni che oggi non trovano spazi e che spesso abbandonano la citt\u00e0 per studiare o lavorare fuori. Quanto al Parco Falcone e Borsellino, i lavori inaugurati oggi rappresentano la prima vera grande operazione di rigenerazione urbana secondo il modello che la passata amministrazione guidata da Lbc ha sempre perseguito. Siamo lieti del fatto che l\u2019amministrazione abbia agito in un\u2019ottica di continuit\u00e0. Evidentemente quei progetti, come molti altri, sono stati considerati strategici e fondamentali per la citt\u00e0. L\u2019eredit\u00e0 che si lascia a Latina \u00e8 dunque questa ed \u00e8 giusto continuare a lavorare insieme per il bene comune e per il bene della citt\u00e0\u201d.<\/p>\n","protected":false},"excerpt":{"rendered":"<p>LATINA &#8211; Anche l&#8217;ex sindaco Damiano Coletta fa gli auguri a Latina per i suoi 91 anni ricordando che il centenario \u00e8 vicino. \u201cIl futuro \u00e8 ormai prossimo \u2013 commenta il leader di Lbc &#8211; e la citt\u00e0 arriver\u00e0 al suo traguardo dei 100 anni profondamente cambiata e rigenerata. Ma al di l\u00e0 delle nuove [&hellip;]<\/p>\n","protected":false},"author":60,"featured_media":342777,"comment_status":"open","ping_status":"open","sticky":false,"template":"","format":"standard","meta":{"footnotes":""},"categories":[8],"tags":[],"class_list":["post-342776","post","type-post","status-publish","format-standard","has-post-thumbnail","hentry","category-politica"],"_links":{"self":[{"href":"https:\/\/www.radioluna.it\/news\/wp-json\/wp\/v2\/posts\/342776","targetHints":{"allow":["GET"]}}],"collection":[{"href":"https:\/\/www.radioluna.it\/news\/wp-json\/wp\/v2\/posts"}],"about":[{"href":"https:\/\/www.radioluna.it\/news\/wp-json\/wp\/v2\/types\/post"}],"author":[{"embeddable":true,"href":"https:\/\/www.radioluna.it\/news\/wp-json\/wp\/v2\/users\/60"}],"replies":[{"embeddable":true,"href":"https:\/\/www.radioluna.it\/news\/wp-json\/wp\/v2\/comments?post=342776"}],"version-history":[{"count":2,"href":"https:\/\/www.radioluna.it\/news\/wp-json\/wp\/v2\/posts\/342776\/revisions"}],"predecessor-version":[{"id":342784,"href":"https:\/\/www.radioluna.it\/news\/wp-json\/wp\/v2\/posts\/342776\/revisions\/342784"}],"wp:featuredmedia":[{"embeddable":true,"href":"https:\/\/www.radioluna.it\/news\/wp-json\/wp\/v2\/media\/342777"}],"wp:attachment":[{"href":"https:\/\/www.radioluna.it\/news\/wp-json\/wp\/v2\/media?parent=342776"}],"wp:term":[{"taxonomy":"category","embeddable":true,"href":"https:\/\/www.radioluna.it\/news\/wp-json\/wp\/v2\/categories?post=342776"},{"taxonomy":"post_tag","embeddable":true,"href":"https:\/\/www.radioluna.it\/news\/wp-json\/wp\/v2\/tags?post=342776"}],"curies":[{"name":"wp","href":"https:\/\/api.w.org\/{rel}","templated":true}]}}