{"id":342781,"date":"2023-12-19T09:26:54","date_gmt":"2023-12-19T08:26:54","guid":{"rendered":"https:\/\/www.radioluna.it\/news\/?p=342781"},"modified":"2023-12-19T09:27:17","modified_gmt":"2023-12-19T08:27:17","slug":"tornera-la-maratona-di-latina-appuntamento-il-1-dicembre-2024","status":"publish","type":"post","link":"https:\/\/www.radioluna.it\/news\/2023\/12\/tornera-la-maratona-di-latina-appuntamento-il-1-dicembre-2024\/","title":{"rendered":"Torner\u00e0 la Maratona di Latina: appuntamento il 1\u00b0 dicembre 2024"},"content":{"rendered":"<div id=\"fb-root\"><\/div>\n<p style=\"text-align: justify;\"><strong>LATINA<\/strong> &#8211; Ora \u00e8 ufficiale, Latina riavr\u00e0 la sua \u201cMaratona\u201d. L\u2019annuncio dell\u2019assessore allo Sport Andrea Chiarato e del presidente provinciale Uisp Andrea Giansanti \u00e8 arrivata in occasione dlela chiusura del 31esimo \u201cGrande Slam Natalino Nocera&#8221;. \u00a0L\u2019evento andr\u00e0 in scena il 1\u00b0 dicembre 2024 dopo uno stop di quattro anni, dovuto alla pandemia e ad altre problematiche di carattere logistico ed organizzativo. La gara di 42 chilometri era divenuta in passato tra le pi\u00f9 importanti del Centro Sud Italia.<\/p>\n<p style=\"text-align: justify;\">&#8220;Lo sport \u00e8 un elemento importante per Latina, e nel 2024 punteremo molto sull&#8217;attivit\u00e0 all&#8217;aria aperta: un progetto che culminer\u00e0 nel ritorno della maratona nel capoluogo, evento a cui l&#8217;amministrazione comunale tiene molto perch\u00e9 rappresenta un vanto per l&#8217;intera citt\u00e0 e un&#8217;occasione per promuovere il territorio in tutta Italia e non solo. Siamo felici di annunciare la nuova edizione della Maratona di Latina proprio in occasione del\u00a0 compleanno della citt\u00e0&#8221;, ha detto Chiarato.<\/p>\n<p style=\"text-align: justify;\">A ringraziare l&#8217;assessore allo sporte e l&#8217;amministrazione comunale, il presidente dell&#8217;Uisp Andrea Giansanti: &#8220;Per il sostegno e la vicinanza dimostrati alle attivit\u00e0 dell&#8217;UISP e per aver accolto la collaborazione volta a far s\u00ec che gli appassionati possano tornare a correre la Maratona di Latina. Un evento dalla storia ventennale e che ha raggiunto fasti importanti, prima maratona del centrosud dopo Roma. La macchina organizzativa \u00e8 gi\u00e0 al lavoro per garantire una edizione ricca di novit\u00e0, secondo gli standard di qualit\u00e0 dell&#8217;UISP&#8221;.<\/p>\n<p>L&#8217;annuncio in occasione della maxistaffetta che ha chiuso il Grande Slam Uisp<\/p>\n","protected":false},"excerpt":{"rendered":"<p>LATINA &#8211; Ora \u00e8 ufficiale, Latina riavr\u00e0 la sua \u201cMaratona\u201d. L\u2019annuncio dell\u2019assessore allo Sport Andrea Chiarato e del presidente provinciale Uisp Andrea Giansanti \u00e8 arrivata in occasione dlela chiusura del 31esimo \u201cGrande Slam Natalino Nocera&#8221;. \u00a0L\u2019evento andr\u00e0 in scena il 1\u00b0 dicembre 2024 dopo uno stop di quattro anni, dovuto alla pandemia e ad altre [&hellip;]<\/p>\n","protected":false},"author":62,"featured_media":342782,"comment_status":"open","ping_status":"open","sticky":false,"template":"","format":"standard","meta":{"footnotes":""},"categories":[8],"tags":[],"class_list":["post-342781","post","type-post","status-publish","format-standard","has-post-thumbnail","hentry","category-politica"],"_links":{"self":[{"href":"https:\/\/www.radioluna.it\/news\/wp-json\/wp\/v2\/posts\/342781","targetHints":{"allow":["GET"]}}],"collection":[{"href":"https:\/\/www.radioluna.it\/news\/wp-json\/wp\/v2\/posts"}],"about":[{"href":"https:\/\/www.radioluna.it\/news\/wp-json\/wp\/v2\/types\/post"}],"author":[{"embeddable":true,"href":"https:\/\/www.radioluna.it\/news\/wp-json\/wp\/v2\/users\/62"}],"replies":[{"embeddable":true,"href":"https:\/\/www.radioluna.it\/news\/wp-json\/wp\/v2\/comments?post=342781"}],"version-history":[{"count":1,"href":"https:\/\/www.radioluna.it\/news\/wp-json\/wp\/v2\/posts\/342781\/revisions"}],"predecessor-version":[{"id":342783,"href":"https:\/\/www.radioluna.it\/news\/wp-json\/wp\/v2\/posts\/342781\/revisions\/342783"}],"wp:featuredmedia":[{"embeddable":true,"href":"https:\/\/www.radioluna.it\/news\/wp-json\/wp\/v2\/media\/342782"}],"wp:attachment":[{"href":"https:\/\/www.radioluna.it\/news\/wp-json\/wp\/v2\/media?parent=342781"}],"wp:term":[{"taxonomy":"category","embeddable":true,"href":"https:\/\/www.radioluna.it\/news\/wp-json\/wp\/v2\/categories?post=342781"},{"taxonomy":"post_tag","embeddable":true,"href":"https:\/\/www.radioluna.it\/news\/wp-json\/wp\/v2\/tags?post=342781"}],"curies":[{"name":"wp","href":"https:\/\/api.w.org\/{rel}","templated":true}]}}