{"id":342922,"date":"2023-12-20T17:58:49","date_gmt":"2023-12-20T16:58:49","guid":{"rendered":"https:\/\/www.radioluna.it\/news\/?p=342922"},"modified":"2023-12-20T17:58:49","modified_gmt":"2023-12-20T16:58:49","slug":"tiero-in-arrivo-un-nuovo-macchinario-diagnostico-per-cisterna","status":"publish","type":"post","link":"https:\/\/www.radioluna.it\/news\/2023\/12\/tiero-in-arrivo-un-nuovo-macchinario-diagnostico-per-cisterna\/","title":{"rendered":"Tiero: &#8220;In arrivo un nuovo macchinario diagnostico per Cisterna&#8221;"},"content":{"rendered":"<div id=\"fb-root\"><\/div>\n<p style=\"text-align: justify;\"><strong>CISTERNA &#8211;<\/strong> &#8220;Con il nuovo anno gli utenti di Cisterna di Latina potranno finalmente usufruire di un macchinario di Radiologia necessario per la diagnostica. Una volta completate le procedure di gara, lo strumento sar\u00e0 messo a disposizione dei sanitari e dei pazienti. Ritengo urgente il potenziamento dei servizi in questa importante realt\u00e0 della provincia che si avvicina ormai ai 50.000 abitanti. I cittadini devono potersi curare nella loro zona di residenza e non essere costretti a rivolgersi presso altri presidi sanitari di altre realt\u00e0 lontane. Considero quindi essenziale il potenziamento delle apparecchiature, in particolare nella disciplina della Radiologia.<\/p>\n<p style=\"text-align: justify;\">Occorre dotare il territorio di servizi e strutture sanitarie rispondenti al fabbisogno della popolazione, nella convinzione che un servizio sanitario gratuito e accessibile a tutti \u00e8 un bene prezioso. A tal proposito intendo sollecitare la direzione regionale della sanit\u00e0 affinch\u00e8\u00a0si possa autorizzare l&#8217;assunzione di 3 radiologi, da utilizzare per i servizi dei presidi di Cisterna, ma anche di Cori, Sezze e Gaeta. Si tratta di professionisti che rivestono un ruolo di primo piano in ambito sanitario. Questo obiettivo lo ritengo urgente e prioritario per poter rendere effettivo il potenziamento della diagnostica.<br \/>\nRibadisco come sia a mio parere fondamentale procedere ad uno sforzo straordinario per aumentare il numero dei concorsi nelle aziende sanitarie locali, procedere alle stabilizzazioni, investire maggiori risorse e accelerare i processi. Il personale medico ed infermieristico, sottodimensionato, \u00e8 costretto a turni massacranti, a rinunciare a ferie e riposi. Occorre dare risposte rafforzando in particolare i presidi di assistenza sanitaria, nei quali organizzare le attivit\u00e0 per una presa in carico integrata dei bisogni assistenziali dei cittadini. Penso in particolare alla\u00a0figura importantissima degli infermieri di\u00a0Comunit\u00e0, dove si\u00a0registra purtroppo la carenza di 20 unit\u00e0.<\/p>\n<p style=\"text-align: justify;\">I piccoli presidi sanitari svolgono un ruolo fondamentale che non deve essere sottovalutato. Il mio impegno va nella direzione di rendere pi\u00f9 efficiente l&#8217;organizzazione dei servizi sanitari di ogni centro della provincia&#8221;.<\/p>\n<p style=\"text-align: justify;\">Lo dichiara in una nota Enrico Tiero, vice portavoce regionale di FdI, presidente della commissione Sviluppo economico e componente della commissione Sanit\u00e0 del Consiglio regionale del Lazio<\/p>\n","protected":false},"excerpt":{"rendered":"<p>CISTERNA &#8211; &#8220;Con il nuovo anno gli utenti di Cisterna di Latina potranno finalmente usufruire di un macchinario di Radiologia necessario per la diagnostica. Una volta completate le procedure di gara, lo strumento sar\u00e0 messo a disposizione dei sanitari e dei pazienti. Ritengo urgente il potenziamento dei servizi in questa importante realt\u00e0 della provincia che [&hellip;]<\/p>\n","protected":false},"author":60,"featured_media":325312,"comment_status":"open","ping_status":"open","sticky":false,"template":"","format":"standard","meta":{"footnotes":""},"categories":[8],"tags":[],"class_list":["post-342922","post","type-post","status-publish","format-standard","has-post-thumbnail","hentry","category-politica"],"_links":{"self":[{"href":"https:\/\/www.radioluna.it\/news\/wp-json\/wp\/v2\/posts\/342922","targetHints":{"allow":["GET"]}}],"collection":[{"href":"https:\/\/www.radioluna.it\/news\/wp-json\/wp\/v2\/posts"}],"about":[{"href":"https:\/\/www.radioluna.it\/news\/wp-json\/wp\/v2\/types\/post"}],"author":[{"embeddable":true,"href":"https:\/\/www.radioluna.it\/news\/wp-json\/wp\/v2\/users\/60"}],"replies":[{"embeddable":true,"href":"https:\/\/www.radioluna.it\/news\/wp-json\/wp\/v2\/comments?post=342922"}],"version-history":[{"count":0,"href":"https:\/\/www.radioluna.it\/news\/wp-json\/wp\/v2\/posts\/342922\/revisions"}],"wp:featuredmedia":[{"embeddable":true,"href":"https:\/\/www.radioluna.it\/news\/wp-json\/wp\/v2\/media\/325312"}],"wp:attachment":[{"href":"https:\/\/www.radioluna.it\/news\/wp-json\/wp\/v2\/media?parent=342922"}],"wp:term":[{"taxonomy":"category","embeddable":true,"href":"https:\/\/www.radioluna.it\/news\/wp-json\/wp\/v2\/categories?post=342922"},{"taxonomy":"post_tag","embeddable":true,"href":"https:\/\/www.radioluna.it\/news\/wp-json\/wp\/v2\/tags?post=342922"}],"curies":[{"name":"wp","href":"https:\/\/api.w.org\/{rel}","templated":true}]}}