{"id":343023,"date":"2023-12-22T10:18:46","date_gmt":"2023-12-22T09:18:46","guid":{"rendered":"https:\/\/www.radioluna.it\/news\/?p=343023"},"modified":"2023-12-22T10:18:57","modified_gmt":"2023-12-22T09:18:57","slug":"latina-rateizzazione-tari-per-fasce-deboli-bocciata-la-proposta-del-pd","status":"publish","type":"post","link":"https:\/\/www.radioluna.it\/news\/2023\/12\/latina-rateizzazione-tari-per-fasce-deboli-bocciata-la-proposta-del-pd\/","title":{"rendered":"Latina, rateizzazione Tari per fasce deboli, bocciata la proposta del Pd"},"content":{"rendered":"<div id=\"fb-root\"><\/div>\n<p style=\"text-align: justify;\"><strong>LATINA &#8211;<\/strong> \u201cI gruppi consiliari di Destra, che spesso invocano un atteggiamento costruttivo da parte dell\u2019opposizione, hanno bocciato una mozione che avrebbe mitigato le difficolt\u00e0 a cui sono andati incontro le famiglie ed cittadini di Latina a fronte dell\u2019aumento (il pi\u00f9 alto d\u2019Italia) del 30% della Tari\u201d. Lo dicono Valeria Campagna, Daniela Fiore e Leonardo Majocchi del gruppo Pd in consiglio comunale ricordando che la mozione del PD Latina proponeva di: \u201cProdurre una rateizzazione straordinaria della TARI e concedere una dilazione temporale pi\u00f9 agevole; stanziare in bilancio 2 milioni di euro per l\u2019esenzione totale o parziale delle fasce di reddito ISEE pi\u00f9 basse\u201d.<\/p>\n<p style=\"text-align: justify;\">\u201cLa mozione \u2013 spiegano Campagna, Fiore, Majocchi \u2013 avrebbe posto rimedio e mitigato la durezza di una decisione presa dal Commissario e mai rinnegata dall\u2019amministrazione Celentano. Ossia, il caricamento del monte Crediti di dubbia esigibilit\u00e0 sul Piano Economico Finanziario di ABC. E invece, la Destra dovr\u00e0 prendersi la responsabilit\u00e0 anche di quest\u2019altra scelta: un no ad una mozione di buonsenso, che ancora una volta tradisce i cittadini e le cittadine, che nega la possibilit\u00e0 di correggere una manovra iniqua e penalizzante per le cittadine e i cittadini\u201d.<\/p>\n","protected":false},"excerpt":{"rendered":"<p>LATINA &#8211; \u201cI gruppi consiliari di Destra, che spesso invocano un atteggiamento costruttivo da parte dell\u2019opposizione, hanno bocciato una mozione che avrebbe mitigato le difficolt\u00e0 a cui sono andati incontro le famiglie ed cittadini di Latina a fronte dell\u2019aumento (il pi\u00f9 alto d\u2019Italia) del 30% della Tari\u201d. Lo dicono Valeria Campagna, Daniela Fiore e Leonardo [&hellip;]<\/p>\n","protected":false},"author":60,"featured_media":343025,"comment_status":"open","ping_status":"open","sticky":false,"template":"","format":"standard","meta":{"footnotes":""},"categories":[8],"tags":[],"class_list":["post-343023","post","type-post","status-publish","format-standard","has-post-thumbnail","hentry","category-politica"],"_links":{"self":[{"href":"https:\/\/www.radioluna.it\/news\/wp-json\/wp\/v2\/posts\/343023","targetHints":{"allow":["GET"]}}],"collection":[{"href":"https:\/\/www.radioluna.it\/news\/wp-json\/wp\/v2\/posts"}],"about":[{"href":"https:\/\/www.radioluna.it\/news\/wp-json\/wp\/v2\/types\/post"}],"author":[{"embeddable":true,"href":"https:\/\/www.radioluna.it\/news\/wp-json\/wp\/v2\/users\/60"}],"replies":[{"embeddable":true,"href":"https:\/\/www.radioluna.it\/news\/wp-json\/wp\/v2\/comments?post=343023"}],"version-history":[{"count":4,"href":"https:\/\/www.radioluna.it\/news\/wp-json\/wp\/v2\/posts\/343023\/revisions"}],"predecessor-version":[{"id":343039,"href":"https:\/\/www.radioluna.it\/news\/wp-json\/wp\/v2\/posts\/343023\/revisions\/343039"}],"wp:featuredmedia":[{"embeddable":true,"href":"https:\/\/www.radioluna.it\/news\/wp-json\/wp\/v2\/media\/343025"}],"wp:attachment":[{"href":"https:\/\/www.radioluna.it\/news\/wp-json\/wp\/v2\/media?parent=343023"}],"wp:term":[{"taxonomy":"category","embeddable":true,"href":"https:\/\/www.radioluna.it\/news\/wp-json\/wp\/v2\/categories?post=343023"},{"taxonomy":"post_tag","embeddable":true,"href":"https:\/\/www.radioluna.it\/news\/wp-json\/wp\/v2\/tags?post=343023"}],"curies":[{"name":"wp","href":"https:\/\/api.w.org\/{rel}","templated":true}]}}