{"id":345475,"date":"2024-02-01T11:23:12","date_gmt":"2024-02-01T10:23:12","guid":{"rendered":"https:\/\/www.radioluna.it\/news\/?p=345475"},"modified":"2024-02-01T11:23:12","modified_gmt":"2024-02-01T10:23:12","slug":"legea-maratona-maga-circe-al-via-linaugurazione-dellexpo","status":"publish","type":"post","link":"https:\/\/www.radioluna.it\/news\/2024\/02\/legea-maratona-maga-circe-al-via-linaugurazione-dellexpo\/","title":{"rendered":"Legea Maratona Maga Circe, al via l\u2019inaugurazione dell\u2019Expo"},"content":{"rendered":"<div id=\"fb-root\"><\/div>\n<p style=\"text-align: justify;\"><strong>CIRCEO &#8211;<\/strong> \u00c8 pronta ad andare in scena la Legea Maratona Maga Circe \u2013 Campionato Italiano Individuale Assoluto di Maratona di domenica 4 febbraio. Venerd\u00ec 2 comincia l\u2019avventura della Asd In Corsa Libera capitanata da Davide Fioriello con il taglio del nastro dell\u2019Expo, novit\u00e0 indiscussa di questo 2024, che diverr\u00e0 la casa dei runners per tre giorni in Piazza del Comune a Sabaudia. Attesi oltre duemila atleti all\u2019evento che raduner\u00e0 i pi\u00f9 forti d\u2019Italia a caccia del titolo tricolore, oltre che top runners internazionali che giungeranno a Sabaudia e San Felice Circeo richiamati dal fascino della gara. In programma tre distanze competitive 10, 28, 42.195 km ed una Family Walk gratuita di 2 km.<\/p>\n<p style=\"text-align: justify;\">\u201cAbbiamo lavorato sodo per offrire tante migliorie alla nostra giovane gara che, con l\u2019assegnazione del titolo di campione italiano assoluto, ha aperto definitivamente le porte ai pi\u00f9 forti del <img loading=\"lazy\" decoding=\"async\" class=\"wp-image-345477 alignright\" src=\"https:\/\/www.radioluna.it\/news\/wp-content\/uploads\/2024\/02\/start-del-2023.jpg\" alt=\"\" width=\"316\" height=\"237\" \/> panorama podistico &#8211; commenta il presidente della Asd In Corsa Libera Davide Fioriello \u2013 Quest\u2019anno inoltre, grazie all\u2019Expo offriremo un riferimento a tutti coloro che giungeranno in zona. Tanti eventi dal 2 al 4 febbraio, attivit\u00e0 ed intrattenimento grazie alla cooperazione tra territorio e due amministrazioni comunali. Un grande investimento, che insieme a tanti accorgimenti tecnici di gara, speriamo portino ancora pi\u00f9 in alto la nostra gara e le nostre localit\u00e0, esportandole in tutto il mondo\u201d.<\/p>\n<p style=\"text-align: justify;\">Un programma ricco di appuntamenti a cominciare da venerd\u00ec 2 febbraio alle ore 10 con l\u2019inaugurazione del villaggio, alla presenza di esponenti del mondo sportivo, istituzioni e giovani studenti. Contestualmente al via il ritiro dei pettorali e pacchi gara fino alle 19. Alle 10.30 la tavola rotonda \u201cGiovani, Sport, Scuola per un futuro migliore\u201d. Dalle 16 alle 17 saranno presentati i partner e le gare amiche. Dalle 17 alle 18, esibizioni sportive. Alle 18 tavola rotonda \u201cIl Mondo dello Sport\u201d. Sabato 3 febbraio dalle 10 alle 20 ritiro dei pettorali e pacchi gara. Dalle 16 alle 16.30 presentazione dei pacer. Dalle 16.30 alle 17 presentazione atleti el\u00ecte. Dalle 17.00 alle 17.30 esibizioni sportive, dalle 17.30 alle 18.30 presentazione percorsi di gara e alle 18 la presentazione del libro \u201cSulle Orme di Circe. Storie di vita e di sport all\u2019ombra della Maga\u201d di Stefano Orsini. Domenica ancora ritiro pettorali dalle 6.30 alle 7.30 per gli atleti della 28 e della 42km e fino alle 8.30 per gli atleti della 10 km. Alle 9.30 al via tutte le gare con la partenza in differita tra Sabaudia per la corta e la Family Walk e San Felice Circeo con le lunghe distanze. Dalle ore 11 premiazioni.<\/p>\n<p>L\u2019Expo sar\u00e0 anche sede del baby parking gratuito che con il personale qualificato per tutto il tempo della gara, intratterr\u00e0 i bambini e consentir\u00e0 ai genitori di correre in spensieratezza.<\/p>\n<p>\u201cLa Maratona Maga Circe \u00e8 un evento in cui noi crediamo e che abbiamo sostenuto sin dal nostro insediamento \u2013 commenta il delegato allo sport del Comune di Sabaudia Massimo Mazzali &#8211; Questa gara, seppur giovane, cresce in fretta e\u00a0 anno dopo anno diventa sempre pi\u00f9 importante. Prova ne \u00e8 che l&#8217;edizione di quest\u2019anno che assegner\u00e0 il titolo di campione italiano individuale assoluto della specialit\u00e0, con percorso omologato ed inserito nel World Athletics Global Calendar. Per questo mi congratulo con il Presidente dell\u2019associazione \u201cIn Corsa Libera\u201d Davide Fioriello\u00a0per aver ideato e organizzato questo evento sportivo di livello, per sostenerlo con tutte le sue energie e per aver scelto la nostra Citt\u00e0 e il Comune di San Felice Circeo per dare vita ad una gara che include sport e natura,\u00a0 unendo luoghi stupendi con storie diverse ma con la stessa vocazione. Inoltre sono felice di comunicare che da prime notizie che mi sono giunte le strutture ricettive di Sabaudia, aperte in questo periodo, hanno registrato il tutto esaurito e questo sostiene sempre di pi\u00f9 il nostro obiettivo che \u00e8 la destagionalizzazione\u201d.<\/p>\n<p>La Maratona Maga Circe \u00e8 un evento patrocinato dal Ministro dello Sport e i Giovani, Sport e Salute, Coni Nazionale, Regione Lazio, Fidal, Opes, Provincia di Latina, Comune di Sabaudia, Comune di San Felice Circeo ed \u00e8 inserito nel calendario nazionale FIDAL come tappa Bronze con percorso omologato ed inserito nel World Athletics Global Calendar. La competizione title sponsor Legea, ha inoltre stretto collaborazione con il main partner Oasi di Kufra, con i Gold partner Cantina Villa Gianna, Icar Auto Evo, Apollon, Baratta, Martau, con i Silver partner Biolatina e Chemical Battistella, con i Bronze partner Cosmari, Pensieri e Parole, LiteoTech, Mammut, Etich Sport, Steve Jobs, Sport\u201985 e con il supporto di Citt\u00e0 Sport e Cultura. Displayed Clothing \u00e8 sponsor tecnico delle maglie ufficiali, mentre i media partner della gara sono il gruppo Mondo Radio, Radio Immagine, Radio Luna, Radio Latina, Latina Quotidiano e LatinaCorriere.it.<\/p>\n<p>\u201cSiamo orgogliosi \u2013 dichiarano il Sindaco di San Felice Circeo, Monia Di Cosimo, e l\u2019Assessore allo Sport, Felice Capponi &#8211; di ospitare anche quest\u2019anno la Maratona Maga Circe. L\u2019edizione del 2024, frutto di un percorso avviato negli anni passati grazie al prezioso lavoro svolto dalla Asd \u201cIn Corsa Libera\u201d in sinergia con le amministrazioni comunali di San Felice Circeo e Sabaudia, sar\u00e0 memorabile, essendo inserita nel calendario nazionale FIDAL come tappa Bronze con percorso omologato ed inserito nel World Athletics Global Calendar. Il nostro Comune, in sinergia con la Pro Loco, si \u00e8 preparato all\u2019evento offrendo nel weekend del 3 e 4 febbraio anche diversi momenti ludici, culturali e ricreativi che accompagneranno gli atleti e tutti gli interessati in questa due giorni da vivere all\u2019insegna dello sport\u201d.<\/p>\n<p>Start ore 9.30 dal porto di San Felice Circeo per la 28 e la maratona, luogo presso il quale gli atleti saranno condotti con le navette dell\u2019organizzazione. In contemporanea al via a Sabaudia la 10 km e la Family Walk di 2,5 km quest\u2019ultima novit\u00e0 gratuita aperta a tutti, anche agli amici a quattro zampe.<\/p>\n<p>E via alla scoperta dei territori incantanti della Maga Circe, lungo la costa marittima affiancando il mare, le dune, Torre Paola, fino ad arrivare alla Piazza del Comune di Sabaudia. Non mancher\u00e0 lo spettacolo grazie alla banda musicale del Comune di San Felice Circeo che accompagner\u00e0 l\u2019avvio della corsa. Gli atleti durante il tragitto saranno poi intrattenuti a suon di musica in diversi tratti, delle auto del Team Cris Hi-Fi. Confermati anche quest\u2019anno il servizio docce post gara gratuito presso il Palazzetto dello Sport di Sabaudia \u201cAntonio Vitaletti\u201d in viale Conte Verde, il servizio deposito bagagli per gli atleti partecipanti alla 42.195 km ed alla 28 km. Non solo sport, ma anche tante attivit\u00e0 collaterali, alla scoperta dei magnifici luoghi che contornano lo scenario delle gare e che animeranno i giorni pre gara con un fitto calendario eventi grazie alla collaborazione con realt\u00e0 locali tra cui: La Filibusta Pontina, Meraviglia Aps, Istituto Pangea ETS, Proloco San Felice Circeo, Proloco Sabaudia, Fondazione Marcello Zei Onlus e Vegan Power Team.<\/p>\n","protected":false},"excerpt":{"rendered":"<p>CIRCEO &#8211; \u00c8 pronta ad andare in scena la Legea Maratona Maga Circe \u2013 Campionato Italiano Individuale Assoluto di Maratona di domenica 4 febbraio. Venerd\u00ec 2 comincia l\u2019avventura della Asd In Corsa Libera capitanata da Davide Fioriello con il taglio del nastro dell\u2019Expo, novit\u00e0 indiscussa di questo 2024, che diverr\u00e0 la casa dei runners per [&hellip;]<\/p>\n","protected":false},"author":5430,"featured_media":0,"comment_status":"open","ping_status":"open","sticky":false,"template":"","format":"standard","meta":{"footnotes":""},"categories":[734,17],"tags":[],"class_list":["post-345475","post","type-post","status-publish","format-standard","hentry","category-evidenza","category-sport"],"_links":{"self":[{"href":"https:\/\/www.radioluna.it\/news\/wp-json\/wp\/v2\/posts\/345475","targetHints":{"allow":["GET"]}}],"collection":[{"href":"https:\/\/www.radioluna.it\/news\/wp-json\/wp\/v2\/posts"}],"about":[{"href":"https:\/\/www.radioluna.it\/news\/wp-json\/wp\/v2\/types\/post"}],"author":[{"embeddable":true,"href":"https:\/\/www.radioluna.it\/news\/wp-json\/wp\/v2\/users\/5430"}],"replies":[{"embeddable":true,"href":"https:\/\/www.radioluna.it\/news\/wp-json\/wp\/v2\/comments?post=345475"}],"version-history":[{"count":0,"href":"https:\/\/www.radioluna.it\/news\/wp-json\/wp\/v2\/posts\/345475\/revisions"}],"wp:attachment":[{"href":"https:\/\/www.radioluna.it\/news\/wp-json\/wp\/v2\/media?parent=345475"}],"wp:term":[{"taxonomy":"category","embeddable":true,"href":"https:\/\/www.radioluna.it\/news\/wp-json\/wp\/v2\/categories?post=345475"},{"taxonomy":"post_tag","embeddable":true,"href":"https:\/\/www.radioluna.it\/news\/wp-json\/wp\/v2\/tags?post=345475"}],"curies":[{"name":"wp","href":"https:\/\/api.w.org\/{rel}","templated":true}]}}