{"id":345736,"date":"2024-02-05T11:57:39","date_gmt":"2024-02-05T10:57:39","guid":{"rendered":"https:\/\/www.radioluna.it\/news\/?p=345736"},"modified":"2024-02-05T12:27:45","modified_gmt":"2024-02-05T11:27:45","slug":"giudice-di-pace-al-collasso-nuova-protesta-degli-avvocati-del-foro-di-latina","status":"publish","type":"post","link":"https:\/\/www.radioluna.it\/news\/2024\/02\/giudice-di-pace-al-collasso-nuova-protesta-degli-avvocati-del-foro-di-latina\/","title":{"rendered":"Giudice di Pace al collasso, nuova protesta degli avvocati del Foro di Latina"},"content":{"rendered":"<div id=\"fb-root\"><\/div>\n<p style=\"text-align: justify;\"><strong>LATINA &#8211;\u00a0<\/strong> Per la questione (eterna) del Giudice di Pace, torna sul piede di guerra, il Consiglio dell&#8217;Ordine degli Avvocati di Latina che ha fissato per mercoled\u00ec 7 febbraio alle 11 presso il Circolo Cittadino di Latina, Piazza del Popolo un incontro pubblico. Infatti, nulla \u00e8 cambiato.<\/p>\n<p style=\"text-align: justify;\">&#8220;L&#8217;incontro si \u00e8 reso necessario\u00a0 &#8211; spiega in una nota il presidente dell&#8217;Ordine Giovanni Maria Lauretti &#8211; per rappresentare e denunciare la grave situazione in cui versano gli Uffici del Giudice di Pace di Latina, Terracina e Fondi che, a breve, rischiano la soppressione ovvero l\u2019interruzione dell\u2019attivit\u00e0 giudiziaria, a causa della grave carenza dei giudici e del personale amministrativo&#8230;attesa la delicatezza del momento e l&#8217;incidenza sociale\u00a0 ed economica delle problematiche da trattare che impongono scelte immediate, partecipate e condivise&#8221;.<\/p>\n<p style=\"text-align: justify;\">L&#8217;ordine aggiorner\u00e0 nell&#8217;occasione i dati sui\u00a0 carichi di lavoro e le statistiche degli uffici. &#8220;Questi presidi giudiziari\u00a0 &#8211; dicono le toghe pontine &#8211; devono essere debitamente potenziati in termini di risorse economiche, per assicurare l&#8217;integrale copertura della pianta organica dei Magistrati e del personale amministrativo&#8221;.<\/p>\n","protected":false},"excerpt":{"rendered":"<p>LATINA &#8211;\u00a0 Per la questione (eterna) del Giudice di Pace, torna sul piede di guerra, il Consiglio dell&#8217;Ordine degli Avvocati di Latina che ha fissato per mercoled\u00ec 7 febbraio alle 11 presso il Circolo Cittadino di Latina, Piazza del Popolo un incontro pubblico. Infatti, nulla \u00e8 cambiato. &#8220;L&#8217;incontro si \u00e8 reso necessario\u00a0 &#8211; spiega in [&hellip;]<\/p>\n","protected":false},"author":62,"featured_media":242446,"comment_status":"open","ping_status":"open","sticky":false,"template":"","format":"standard","meta":{"footnotes":""},"categories":[7,2428],"tags":[],"class_list":["post-345736","post","type-post","status-publish","format-standard","has-post-thumbnail","hentry","category-cronaca","category-primo-piano"],"_links":{"self":[{"href":"https:\/\/www.radioluna.it\/news\/wp-json\/wp\/v2\/posts\/345736","targetHints":{"allow":["GET"]}}],"collection":[{"href":"https:\/\/www.radioluna.it\/news\/wp-json\/wp\/v2\/posts"}],"about":[{"href":"https:\/\/www.radioluna.it\/news\/wp-json\/wp\/v2\/types\/post"}],"author":[{"embeddable":true,"href":"https:\/\/www.radioluna.it\/news\/wp-json\/wp\/v2\/users\/62"}],"replies":[{"embeddable":true,"href":"https:\/\/www.radioluna.it\/news\/wp-json\/wp\/v2\/comments?post=345736"}],"version-history":[{"count":2,"href":"https:\/\/www.radioluna.it\/news\/wp-json\/wp\/v2\/posts\/345736\/revisions"}],"predecessor-version":[{"id":345742,"href":"https:\/\/www.radioluna.it\/news\/wp-json\/wp\/v2\/posts\/345736\/revisions\/345742"}],"wp:featuredmedia":[{"embeddable":true,"href":"https:\/\/www.radioluna.it\/news\/wp-json\/wp\/v2\/media\/242446"}],"wp:attachment":[{"href":"https:\/\/www.radioluna.it\/news\/wp-json\/wp\/v2\/media?parent=345736"}],"wp:term":[{"taxonomy":"category","embeddable":true,"href":"https:\/\/www.radioluna.it\/news\/wp-json\/wp\/v2\/categories?post=345736"},{"taxonomy":"post_tag","embeddable":true,"href":"https:\/\/www.radioluna.it\/news\/wp-json\/wp\/v2\/tags?post=345736"}],"curies":[{"name":"wp","href":"https:\/\/api.w.org\/{rel}","templated":true}]}}