{"id":345846,"date":"2024-02-04T16:12:09","date_gmt":"2024-02-04T15:12:09","guid":{"rendered":"https:\/\/www.radioluna.it\/news\/?p=345846"},"modified":"2024-02-06T18:01:43","modified_gmt":"2024-02-06T17:01:43","slug":"un-podcast-in-otto-puntate-per-raccontare-storie-dimpresa","status":"publish","type":"post","link":"https:\/\/www.radioluna.it\/news\/2024\/02\/un-podcast-in-otto-puntate-per-raccontare-storie-dimpresa\/","title":{"rendered":"Un Podcast in otto puntate per raccontare Storie d&#8217;Impresa"},"content":{"rendered":"<div id=\"fb-root\"><\/div>\n<p style=\"text-align: justify;\"><strong>LATINA &#8211;<\/strong>\u00a0 Un podcast video nato da un\u2019intuizione del Gruppo Giovani e dedicato alla conoscenza e condivisione delle esperienze di imprenditori associati, \u00e8 la novit\u00e0 presentata nei giorni scorsi a Latina da IMPRESA, l\u2019Associazione dell\u2019Industria e della Piccola e Media Impresa. Si intitola \u201cStorie di impresa\u201d e le otto puntate previste saranno &#8220;racconti di vita vissuta, emozionali ed emozionanti, attraverso i quali si conosceranno alcune delle eccellenze imprenditoriali del tessuto produttivo laziale associato a IMPRESA&#8221;.<\/p>\n<p>\u00abI giovani d\u2019IMPRESA hanno voluto costruire e aggiungere un modo di partecipazione nuovo alla vita dell\u2019associazione &#8211; racconta Michela Quattrociocchi, presidente del Gruppo Giovani\u2013 nella<br \/>\nselezione degli intervistati abbiamo individuato imprenditori con la capacit\u00e0 di comunicare attraverso uno strumento social, che avessero storie interessanti alle spalle da raccontare; non a caso la prima puntata del Podcast che sar\u00e0 proiettata vede come protagonista Emiliano Rossato della Rossato S.p.A.: scopriremo la storia di una azienda che nel giro di pochi anni, da artigianale si \u00e8 trasformata in societ\u00e0 per azioni. Per noi giovani \u00e8 importante ascoltare chi pu\u00f2 darci spunti interessanti e infonderci coraggio per guardare con ottimismo al futuro. Abbiamo scelto il Podcast, quale strumento attuale, per creare un momento costruttivo e diffondere piacevolmente uno spirito di identificazione nello spettatore, attraverso la condivisione delle esperienze di imprenditori\u00bb.<\/p>\n<p>\u00ab\u00c8 un\u2019iniziativa che si sposa pienamente con i valori e la visione della nostra associazione &#8211; spiega il presidente di IMPRESA, Giampaolo Olivetti \u2013 IMPRESA ha saputo creare un luogo virtuoso dove il network tra gli associati \u00e8 costantemente attivo e produttivo di nuovi progetti, un luogo nel quale non soltanto si promuove lo scambio di competenze, il business e la collaborazione tra gli imprenditori, \u00a0ma anche dove si condividono esperienze, un intreccio di know-how che passa da imprenditore a imprenditore, attraverso anche le puntate del Podcast, racconti di storie vincenti, da cui si possa trarre un\u2019ispirazione oppure con cui semplicemente identificarsi\u00bb.<\/p>\n<p>\u00abL\u2019obiettivo del Podcast \u00e8 quello di promuovere l\u2019imprenditoria, conoscerci e farci conoscere &#8211; dice il direttore Saverio Motolese &#8211; . Le interviste, che vedranno protagonista il piccolo e medio imprenditore, nell\u2019arco delle prime otto puntate previste, saranno un mix di storie che consentiranno, in primo luogo, di \u201cindagare\u201d l\u2019uomo o la donna che c\u2019\u00e8 dietro a chi ha scelto di fare l\u2019imprenditore e l\u2019imprenditrice, creando cos\u00ec anche un momento costruttivo e di nuova conoscenza per lo spettatore\u00bb.<\/p>\n<p style=\"text-align: justify;\">\n","protected":false},"excerpt":{"rendered":"<p>LATINA &#8211;\u00a0 Un podcast video nato da un\u2019intuizione del Gruppo Giovani e dedicato alla conoscenza e condivisione delle esperienze di imprenditori associati, \u00e8 la novit\u00e0 presentata nei giorni scorsi a Latina da IMPRESA, l\u2019Associazione dell\u2019Industria e della Piccola e Media Impresa. Si intitola \u201cStorie di impresa\u201d e le otto puntate previste saranno &#8220;racconti di vita [&hellip;]<\/p>\n","protected":false},"author":60,"featured_media":345848,"comment_status":"open","ping_status":"open","sticky":false,"template":"","format":"standard","meta":{"footnotes":""},"categories":[11],"tags":[],"class_list":["post-345846","post","type-post","status-publish","format-standard","has-post-thumbnail","hentry","category-economia"],"_links":{"self":[{"href":"https:\/\/www.radioluna.it\/news\/wp-json\/wp\/v2\/posts\/345846","targetHints":{"allow":["GET"]}}],"collection":[{"href":"https:\/\/www.radioluna.it\/news\/wp-json\/wp\/v2\/posts"}],"about":[{"href":"https:\/\/www.radioluna.it\/news\/wp-json\/wp\/v2\/types\/post"}],"author":[{"embeddable":true,"href":"https:\/\/www.radioluna.it\/news\/wp-json\/wp\/v2\/users\/60"}],"replies":[{"embeddable":true,"href":"https:\/\/www.radioluna.it\/news\/wp-json\/wp\/v2\/comments?post=345846"}],"version-history":[{"count":1,"href":"https:\/\/www.radioluna.it\/news\/wp-json\/wp\/v2\/posts\/345846\/revisions"}],"predecessor-version":[{"id":345849,"href":"https:\/\/www.radioluna.it\/news\/wp-json\/wp\/v2\/posts\/345846\/revisions\/345849"}],"wp:featuredmedia":[{"embeddable":true,"href":"https:\/\/www.radioluna.it\/news\/wp-json\/wp\/v2\/media\/345848"}],"wp:attachment":[{"href":"https:\/\/www.radioluna.it\/news\/wp-json\/wp\/v2\/media?parent=345846"}],"wp:term":[{"taxonomy":"category","embeddable":true,"href":"https:\/\/www.radioluna.it\/news\/wp-json\/wp\/v2\/categories?post=345846"},{"taxonomy":"post_tag","embeddable":true,"href":"https:\/\/www.radioluna.it\/news\/wp-json\/wp\/v2\/tags?post=345846"}],"curies":[{"name":"wp","href":"https:\/\/api.w.org\/{rel}","templated":true}]}}