{"id":345874,"date":"2024-02-07T12:08:10","date_gmt":"2024-02-07T11:08:10","guid":{"rendered":"https:\/\/www.radioluna.it\/news\/?p=345874"},"modified":"2024-02-07T12:08:10","modified_gmt":"2024-02-07T11:08:10","slug":"latina-scalo-la-provincia-approva-la-rotatoria-tra-epitaffio-e-congiunte","status":"publish","type":"post","link":"https:\/\/www.radioluna.it\/news\/2024\/02\/latina-scalo-la-provincia-approva-la-rotatoria-tra-epitaffio-e-congiunte\/","title":{"rendered":"Latina-Scalo, la Provincia approva la rotatoria tra Epitaffio e Congiunte"},"content":{"rendered":"<div id=\"fb-root\"><\/div>\n<p style=\"text-align: justify;\"><strong>LATINA<\/strong> &#8211; E&#8217; stata inserita nel Piano Triennale delle opere pubbliche della provincia di Latina, la realizzazione di una rotatoria stradale sulla S.P. 25 Congiunte (destra e sinistra) all&#8217; intersezione con\u00a0 Via Epitaffio. Sul tratto, spesso congestionato nelle ore di punta, essendo Via Epitaffio l&#8217;asse principale di collegamento all&#8217;Appia, alla stazione ferroviaria, e oltre, con la fascia dei centri lepini da cui provengono molti pendolari, c&#8217;\u00e8 lo spazio sufficiente per realizzare l&#8217;opera considerata importante per rendere il traffico pi\u00f9 scorrevole. &#8220;Ai fini urbanistici l\u2019opera trova perfetta collocazione in quanto trattasi di sistemazione di viabilit\u00e0 esistente con semplici allargamenti su propriet\u00e0 gi\u00e0 dell\u2019Ente&#8221;, si legge nella proposta di progetto.<\/p>\n<p style=\"text-align: justify;\">\u201cEsprimo piena soddisfazione per l\u2019inserimento nel Piano Triennale delle Opere Pubbliche della Provincia di Latina della realizzazione di una rotatoria su via Epitaffio, all\u2019incontro con via delle Congiunte destre e sinistre. \u00c8 un\u2019azione importante per tutto il comprensorio, caratterizzato da alta incidentalit\u00e0 e da costanti congestionamenti del traffico, con tutto ci\u00f2 che ne consegue in termini di corretta viabilit\u00e0 e di tempi di percorrenza del tratto viario\u201d, ha commentato il consigliere e coordinatore comunale della Lega Vincenzo Valletta rivendicando &#8220;il peso specifico avuto dalla Lega che ha gi\u00e0 &#8220;portato a casa risultati importanti per l\u2019area Chiesuola\/Epitaffio&#8221;.<\/p>\n","protected":false},"excerpt":{"rendered":"<p>LATINA &#8211; E&#8217; stata inserita nel Piano Triennale delle opere pubbliche della provincia di Latina, la realizzazione di una rotatoria stradale sulla S.P. 25 Congiunte (destra e sinistra) all&#8217; intersezione con\u00a0 Via Epitaffio. Sul tratto, spesso congestionato nelle ore di punta, essendo Via Epitaffio l&#8217;asse principale di collegamento all&#8217;Appia, alla stazione ferroviaria, e oltre, con [&hellip;]<\/p>\n","protected":false},"author":60,"featured_media":345885,"comment_status":"open","ping_status":"open","sticky":false,"template":"","format":"standard","meta":{"footnotes":""},"categories":[8],"tags":[],"class_list":["post-345874","post","type-post","status-publish","format-standard","has-post-thumbnail","hentry","category-politica"],"_links":{"self":[{"href":"https:\/\/www.radioluna.it\/news\/wp-json\/wp\/v2\/posts\/345874","targetHints":{"allow":["GET"]}}],"collection":[{"href":"https:\/\/www.radioluna.it\/news\/wp-json\/wp\/v2\/posts"}],"about":[{"href":"https:\/\/www.radioluna.it\/news\/wp-json\/wp\/v2\/types\/post"}],"author":[{"embeddable":true,"href":"https:\/\/www.radioluna.it\/news\/wp-json\/wp\/v2\/users\/60"}],"replies":[{"embeddable":true,"href":"https:\/\/www.radioluna.it\/news\/wp-json\/wp\/v2\/comments?post=345874"}],"version-history":[{"count":1,"href":"https:\/\/www.radioluna.it\/news\/wp-json\/wp\/v2\/posts\/345874\/revisions"}],"predecessor-version":[{"id":345886,"href":"https:\/\/www.radioluna.it\/news\/wp-json\/wp\/v2\/posts\/345874\/revisions\/345886"}],"wp:featuredmedia":[{"embeddable":true,"href":"https:\/\/www.radioluna.it\/news\/wp-json\/wp\/v2\/media\/345885"}],"wp:attachment":[{"href":"https:\/\/www.radioluna.it\/news\/wp-json\/wp\/v2\/media?parent=345874"}],"wp:term":[{"taxonomy":"category","embeddable":true,"href":"https:\/\/www.radioluna.it\/news\/wp-json\/wp\/v2\/categories?post=345874"},{"taxonomy":"post_tag","embeddable":true,"href":"https:\/\/www.radioluna.it\/news\/wp-json\/wp\/v2\/tags?post=345874"}],"curies":[{"name":"wp","href":"https:\/\/api.w.org\/{rel}","templated":true}]}}