{"id":346052,"date":"2024-02-09T10:16:16","date_gmt":"2024-02-09T09:16:16","guid":{"rendered":"https:\/\/www.radioluna.it\/news\/?p=346052"},"modified":"2024-02-09T10:16:16","modified_gmt":"2024-02-09T09:16:16","slug":"domenica-la-gaeta-formia-11-chilometri-di-bellezze","status":"publish","type":"post","link":"https:\/\/www.radioluna.it\/news\/2024\/02\/domenica-la-gaeta-formia-11-chilometri-di-bellezze\/","title":{"rendered":"Domenica la Gaeta-Formia, 11 chilometri di bellezze"},"content":{"rendered":"<div id=\"fb-root\"><\/div>\n<p style=\"text-align: justify;\"><strong>FORMIA<\/strong> &#8211; Torna domenica 11 febbraio la Gaeta-Formia,\u00a0 gara podistica competitiva sulla distanza di 11 km. La 17\u00b0 edizione prender\u00e0 il via alle ore 10.00 da piazza XIX Maggio a Gaeta e arriver\u00e0\u00a0 alle 12 a Formia. Un evento agonistico che mira a valorizzare ed esaltare le bellezze storico-paesaggistiche del territorio visibili lungo il percorso con vista mare che attraverser\u00e0 il lungomare di Gaeta, raggiungendo il centro storico di Sant\u2019Erasmo, seguendo il Lungomare Caboto per proseguire fino al litorale formiano di Vindicio, passando per via Tonetti, fino al tratto di via Vitruvio all\u2019arrivo previsto in Largo Paone, sede della cerimonia di premiazione. Prima della gara competitiva si svolger\u00e0 una camminata sportiva su un percorso ridotto di 7 km.\u00a0<img loading=\"lazy\" decoding=\"async\" class=\"wp-image-346053 alignright\" src=\"https:\/\/www.radioluna.it\/news\/wp-content\/uploads\/2024\/02\/Locandina-gara-podistica-Gaeta-Formia-002.jpg\" alt=\"\" width=\"344\" height=\"243\" srcset=\"https:\/\/www.radioluna.it\/news\/wp-content\/uploads\/2024\/02\/Locandina-gara-podistica-Gaeta-Formia-002.jpg 1600w, https:\/\/www.radioluna.it\/news\/wp-content\/uploads\/2024\/02\/Locandina-gara-podistica-Gaeta-Formia-002-768x542.jpg 768w, https:\/\/www.radioluna.it\/news\/wp-content\/uploads\/2024\/02\/Locandina-gara-podistica-Gaeta-Formia-002-1536x1084.jpg 1536w\" sizes=\"auto, (max-width: 344px) 100vw, 344px\" \/><\/p>\n<p style=\"text-align: justify;\">\u201cSar\u00e0 una grande giornata di sport, ma soprattutto di festa \u2013 afferma il sindaco Gianluca Taddeo \u2013 Portare questi numeri, con atleti e curiosi mossi da una grande passione, significa dare la possibilit\u00e0 alla citt\u00e0 di ammirare uno spettacolo di assoluto livello anche grazie agli organizzatori e all\u2019attivit\u00e0 sinergica tra le due amministrazioni volte ad incrementare sport e turismo nel nostro comprensorio, un motivo di forte attrazione per i visitatori\u201d.<\/p>\n<p>L\u2019organizzazione \u00e8 curata dall\u2019A.S.D. Poligolfo e patrocinata dai Comuni di Formia e Gaeta, dalla Regione Lazio e dall\u2019Asi, l\u2019ente di promozione sportiva, in collaborazione con Fidal. Preziosa la collaborazione delle Protezioni Civili \u201cVer Sud Pontino\u201d e \u201cFenice\u201d di Gaeta e del gruppo ciclistico \u201cAurunci Cycling Team\u201d. Nelle precedenti edizioni la partecipazione \u00e8 stata numerosa e nelle ultime due hanno preso parte circa 600 atleti provenienti principalmente da Lazio, Campania e Abruzzo, riscuotendo alti consensi. Quest\u2019anno le iscrizioni dovrebbero raggiungere il limite di 600 runners, segnale evidente che il percorso \u00e8 piacevole ed entusiasmante, in particolare per la vicinanza al mare.<\/p>\n<p style=\"text-align: justify;\">\u201cLa Gaeta-Formia \u2013 interviene l\u2019assessore allo Sport Fabio Papa \u2013 \u00e8 ormai la punta di diamante del panorama laziale e non solo, considerando in particolare la massiccia affluenza di podisti in arrivo da altre regioni. E\u2019 una gara che sta crescendo alla distanza e quest\u2019anno sar\u00e0 particolarmente importante considerato che sar\u00e0 il primo appuntamento del 2024, nell\u2019ambito della \u2018Comunit\u00e0 Europea dello Sport\u201d, riconosciuto da Aces Europe. E\u2019 una pratica che pu\u00f2 attirare presenze, nel segno dell\u2019identit\u00e0 e dell\u2019appartenenza che formano la nostra comunit\u00e0, congiungendo i due territori in una mattinata all\u2019insegna del divertimento e della socializzazione\u201d.<\/p>\n<p style=\"text-align: justify;\"><strong>IL PERCORSO<\/strong> &#8211; Partenza: Piazza XIX Maggio, Via Firenze, Via Marina di Serapo, Via Firenze, Lungomare Caboto, Via Annunziata, Via Faustina, Piazza Traniello, Piazza Caboto, Lungomare Caboto, Via Flacca (fino a Formia), Via Vindicio, Via Tito Scipione, Via Tonetti, Via Vitruvio, Largo Paone (arrivo).<\/p>\n<p style=\"text-align: justify;\">L\u2019organizzazione &#8211; si legge in una nota &#8211;\u00a0 confida nella bont\u00e0 e pazienza degli automobilisti per il disagio che pu\u00f2 causare la chiusura al traffico delle strade interessate dalla gara e comunica il percorso.<\/p>\n<p>Le strade saranno chiuse a partire dalle ore 09.30 e riapriranno dopo il passaggio degli atleti. Sar\u00e0 garantita la possibilit\u00e0 di accedere alla stazione ferroviaria di Formia da Via Unit\u00e0 d\u2019Italia (SR 213 Flacca), Via Vindicio, Via G. Paone (SS7 Appia), Via Olivetani, Piazza Sant\u2019Erasmo, Via Pasquale Testa, Via XXIV Maggio.<\/p>\n<p>&nbsp;<\/p>\n<p>&nbsp;<\/p>\n","protected":false},"excerpt":{"rendered":"<p>FORMIA &#8211; Torna domenica 11 febbraio la Gaeta-Formia,\u00a0 gara podistica competitiva sulla distanza di 11 km. La 17\u00b0 edizione prender\u00e0 il via alle ore 10.00 da piazza XIX Maggio a Gaeta e arriver\u00e0\u00a0 alle 12 a Formia. Un evento agonistico che mira a valorizzare ed esaltare le bellezze storico-paesaggistiche del territorio visibili lungo il percorso [&hellip;]<\/p>\n","protected":false},"author":5430,"featured_media":0,"comment_status":"open","ping_status":"open","sticky":false,"template":"","format":"standard","meta":{"footnotes":""},"categories":[17],"tags":[],"class_list":["post-346052","post","type-post","status-publish","format-standard","hentry","category-sport"],"_links":{"self":[{"href":"https:\/\/www.radioluna.it\/news\/wp-json\/wp\/v2\/posts\/346052","targetHints":{"allow":["GET"]}}],"collection":[{"href":"https:\/\/www.radioluna.it\/news\/wp-json\/wp\/v2\/posts"}],"about":[{"href":"https:\/\/www.radioluna.it\/news\/wp-json\/wp\/v2\/types\/post"}],"author":[{"embeddable":true,"href":"https:\/\/www.radioluna.it\/news\/wp-json\/wp\/v2\/users\/5430"}],"replies":[{"embeddable":true,"href":"https:\/\/www.radioluna.it\/news\/wp-json\/wp\/v2\/comments?post=346052"}],"version-history":[{"count":2,"href":"https:\/\/www.radioluna.it\/news\/wp-json\/wp\/v2\/posts\/346052\/revisions"}],"predecessor-version":[{"id":346057,"href":"https:\/\/www.radioluna.it\/news\/wp-json\/wp\/v2\/posts\/346052\/revisions\/346057"}],"wp:attachment":[{"href":"https:\/\/www.radioluna.it\/news\/wp-json\/wp\/v2\/media?parent=346052"}],"wp:term":[{"taxonomy":"category","embeddable":true,"href":"https:\/\/www.radioluna.it\/news\/wp-json\/wp\/v2\/categories?post=346052"},{"taxonomy":"post_tag","embeddable":true,"href":"https:\/\/www.radioluna.it\/news\/wp-json\/wp\/v2\/tags?post=346052"}],"curies":[{"name":"wp","href":"https:\/\/api.w.org\/{rel}","templated":true}]}}