{"id":346249,"date":"2024-02-12T13:36:46","date_gmt":"2024-02-12T12:36:46","guid":{"rendered":"https:\/\/www.radioluna.it\/news\/?p=346249"},"modified":"2024-02-12T13:36:46","modified_gmt":"2024-02-12T12:36:46","slug":"formia-salvatore-bartolomeo-presenta-il-video-archeologia-della-memoria","status":"publish","type":"post","link":"https:\/\/www.radioluna.it\/news\/2024\/02\/formia-salvatore-bartolomeo-presenta-il-video-archeologia-della-memoria\/","title":{"rendered":"Formia, Salvatore Bartolomeo presenta il video &#8220;Archeologia della memoria&#8221;"},"content":{"rendered":"<div id=\"fb-root\"><\/div>\n<p style=\"text-align: justify;\"><strong>FORMIA &#8211;<\/strong> Mercoled\u00ec 14 febbraio, alle ore 17:30 presso il Grande Albergo Miramare di Formia si terr\u00e0 un incontro culturale organizzato dal professor Michele Graziosetto, presidente della Associazione UniGolfo Gaeta Formia Minturno \u2013 Centro Studi Minturnae. L\u2019artista Salvatore Bartolomeo proietter\u00e0 ai presenti un suo video sul tema: Archeologia della memoria.<\/p>\n<p style=\"text-align: justify;\">Prima della presentazione del video (alle 16) interverr\u00e0 la professoressa Maria Grazia Pastorino per presentare e proporre le attivit\u00e0 culturali promosse dall\u2019Universit\u00e0 del Golfo tra cui un suo progetto culturale &#8220;Ascoltare la musica in modo consapevole&#8221;.<\/p>\n<p style=\"text-align: justify;\">&#8220;Di volta in volta gli incontri si fanno pi\u00f9 numerosi a significare che la voglia di cultura e di arricchimento intellettuale \u00e8 sempre pi\u00f9 vivo e ricercato&#8221;, dicono gli organizzatori.<\/p>\n<p style=\"text-align: justify;\">L&#8217;ingresso \u00e8 libero.<\/p>\n","protected":false},"excerpt":{"rendered":"<p>FORMIA &#8211; Mercoled\u00ec 14 febbraio, alle ore 17:30 presso il Grande Albergo Miramare di Formia si terr\u00e0 un incontro culturale organizzato dal professor Michele Graziosetto, presidente della Associazione UniGolfo Gaeta Formia Minturno \u2013 Centro Studi Minturnae. L\u2019artista Salvatore Bartolomeo proietter\u00e0 ai presenti un suo video sul tema: Archeologia della memoria. Prima della presentazione del video [&hellip;]<\/p>\n","protected":false},"author":60,"featured_media":346250,"comment_status":"open","ping_status":"open","sticky":false,"template":"","format":"standard","meta":{"footnotes":""},"categories":[16],"tags":[],"class_list":["post-346249","post","type-post","status-publish","format-standard","has-post-thumbnail","hentry","category-appuntamenti"],"_links":{"self":[{"href":"https:\/\/www.radioluna.it\/news\/wp-json\/wp\/v2\/posts\/346249","targetHints":{"allow":["GET"]}}],"collection":[{"href":"https:\/\/www.radioluna.it\/news\/wp-json\/wp\/v2\/posts"}],"about":[{"href":"https:\/\/www.radioluna.it\/news\/wp-json\/wp\/v2\/types\/post"}],"author":[{"embeddable":true,"href":"https:\/\/www.radioluna.it\/news\/wp-json\/wp\/v2\/users\/60"}],"replies":[{"embeddable":true,"href":"https:\/\/www.radioluna.it\/news\/wp-json\/wp\/v2\/comments?post=346249"}],"version-history":[{"count":1,"href":"https:\/\/www.radioluna.it\/news\/wp-json\/wp\/v2\/posts\/346249\/revisions"}],"predecessor-version":[{"id":346251,"href":"https:\/\/www.radioluna.it\/news\/wp-json\/wp\/v2\/posts\/346249\/revisions\/346251"}],"wp:featuredmedia":[{"embeddable":true,"href":"https:\/\/www.radioluna.it\/news\/wp-json\/wp\/v2\/media\/346250"}],"wp:attachment":[{"href":"https:\/\/www.radioluna.it\/news\/wp-json\/wp\/v2\/media?parent=346249"}],"wp:term":[{"taxonomy":"category","embeddable":true,"href":"https:\/\/www.radioluna.it\/news\/wp-json\/wp\/v2\/categories?post=346249"},{"taxonomy":"post_tag","embeddable":true,"href":"https:\/\/www.radioluna.it\/news\/wp-json\/wp\/v2\/tags?post=346249"}],"curies":[{"name":"wp","href":"https:\/\/api.w.org\/{rel}","templated":true}]}}