{"id":346304,"date":"2024-02-16T08:23:33","date_gmt":"2024-02-16T07:23:33","guid":{"rendered":"https:\/\/www.radioluna.it\/news\/?p=346304"},"modified":"2024-02-16T15:38:51","modified_gmt":"2024-02-16T14:38:51","slug":"sorella-acqua-il-ministro-musumeci-agli-stati-generali-del-turismo-e-del-mare-al-teatro-dannunzio","status":"publish","type":"post","link":"https:\/\/www.radioluna.it\/news\/2024\/02\/sorella-acqua-il-ministro-musumeci-agli-stati-generali-del-turismo-e-del-mare-al-teatro-dannunzio\/","title":{"rendered":"Sorella Acqua, il ministro Musumeci agli Stati generali del Turismo e del Mare al teatro D\u2019Annunzio"},"content":{"rendered":"<div id=\"fb-root\"><\/div>\n<p style=\"text-align: justify;\"><strong>LATINA &#8211;<\/strong> Latina \u00e8 tappa degli\u00a0 Stati Generali del Turismo e del Mare con la partecipazione del ministro Nello Musumeci. L&#8217;appuntamento, \u00a0al teatro D\u2019Annunzio, venerd\u00ec, 16 febbraio 2024, con il convegno \u201cSorella Acqua\u201d. Sar\u00e0 presente anche la Regione Lazio, con il presidente Francesco Rocca, il vice presidente Roberta Angelilli, con delega allo Sviluppo economico, gli assessori Elena Palazzo, Fabrizio Ghera, Giuseppe Schiboni e Pasquale Ciacciarelli.<\/p>\n<p style=\"text-align: justify;\">Nel corso della giornata &#8211; con inizio dei lavori alle 10.30 e le conclusioni previste intorno alle 17 &#8211;\u00a0 sar\u00e0 fornita una visione sull\u2019inquadramento storico, ambientale e sociale circa le risorse acqua e mare, per poi affrontare le prospettive in termini di blue economy, sostenibilit\u00e0 e difesa della costa che apriranno il dibattito con i sindaci di Aprilia, Terracina e Gaeta e le associazioni d\u2019impresa.<\/p>\n<p style=\"text-align: justify;\">\u201cLatina \u2013 spiega la sindaca Matilde Celentano \u2013 vuole entrare nel ruolo che le spetta di diritto, quello di citt\u00e0 \u00a0capoluogo della provincia di Latina, per promuovere un nuovo corso di sviluppo dell\u2019intero territorio pontino. Vogliamo farlo partendo dall\u2019acqua, perch\u00e9 \u00e8 quello l\u2019elemento che pi\u00f9 di ogni altro e meglio di ogni altro ci rappresenta. Questa terra \u00e8 stata sottratta alla palude e oggi pu\u00f2 vivere grazie ad un complesso sistema idraulico che ci protegge. Latina ha il mare, ed \u00e8 da qui che dobbiamo partire per reinvestire una prospettiva di sviluppo turistico, ambientale e culturale\u201d.<\/p>\n<p style=\"text-align: justify;\">Con il coinvolgimento della regia istituzionale dei diversi assessorati della Regione Lazio e con il Piano del mare proposto dalla Camera di Commercio di Frosinone e Latina &#8211; si legge in una nota del Comune di Latina &#8211; &#8220;il sindaco Celentano promuove un nuovo corso che \u201crestituisca alla provincia di Latina la posizione che merita in ambito turistico e dunque sul fronte dell\u2019imprenditoria che cresce e si sviluppa lungo le direttrici dell\u2019uso sostenibile del mare, nel segno del rispetto e della tutela di uno dei beni pi\u00f9 importanti, la risorsa acqua\u201d.<\/p>\n<p style=\"text-align: justify;\">Venerd\u00ec al D\u2019Annunzio, dopo i saluti della prima cittadina, del presidente della Provincia Gerardo Stefanelli e del Prefetto di Latina Maurizio Falco, interverranno tra i relatori anche Tullio Corbo, direttore generale del Consorzio di Bonifica Lazio Sud Ovest, Massimo Amodio, presidente della Fondazione Caetani, il Vescovo di Latina monsignor Mariano Crociata, Antonello Testa delegato Ccia Frosinone- Latina per l\u2019azienda speciale InforMare, l\u2019assessore alla Marina del Comune di Latina Gianluca Di Cocco, il professore Giuseppe Bonifazi, prorettore dell\u2019universit\u00e0 Sapienza, Piepaolo Pontecorvo, presidente Unindustria Latina, Pierantonio Palluzzi, presidente Ance Latina, Marco Picca, presidente Federlazio Latina, Pierpaolo Olivetti, presidente Impresa Latina e Giovanni Acampora Presidente della Camera di Commercio Frosinone-Latina.<\/p>\n<p style=\"text-align: justify;\">Prima delle conclusioni affidate al presidente Rocca e al ministro Musumeci, i parlamentari del territorio pontino, gli onorevoli Claudio Fazzone, presidente della Commissione Ambiente del Senato, Claudio Durigon, sottosegretario al Ministero del Lavoro e delle Politiche sociali e Nicola Calandrini, presidente della commissione Programmazione economica e bilancio del Senato, affronteranno il tema del convegno nell\u2019ottica politica e del cambiamento normativo in corso.<\/p>\n<p><strong>IL PROGRAMMA<\/strong><\/p>\n<p><img loading=\"lazy\" decoding=\"async\" class=\"alignnone size-full wp-image-346306\" src=\"https:\/\/www.radioluna.it\/news\/wp-content\/uploads\/2024\/02\/programma-sorella-acqua.jpg\" alt=\"\" width=\"742\" height=\"511\" \/><\/p>\n","protected":false},"excerpt":{"rendered":"<p>LATINA &#8211; Latina \u00e8 tappa degli\u00a0 Stati Generali del Turismo e del Mare con la partecipazione del ministro Nello Musumeci. L&#8217;appuntamento, \u00a0al teatro D\u2019Annunzio, venerd\u00ec, 16 febbraio 2024, con il convegno \u201cSorella Acqua\u201d. Sar\u00e0 presente anche la Regione Lazio, con il presidente Francesco Rocca, il vice presidente Roberta Angelilli, con delega allo Sviluppo economico, gli [&hellip;]<\/p>\n","protected":false},"author":60,"featured_media":346305,"comment_status":"open","ping_status":"open","sticky":false,"template":"","format":"standard","meta":{"footnotes":""},"categories":[8],"tags":[],"class_list":["post-346304","post","type-post","status-publish","format-standard","has-post-thumbnail","hentry","category-politica"],"_links":{"self":[{"href":"https:\/\/www.radioluna.it\/news\/wp-json\/wp\/v2\/posts\/346304","targetHints":{"allow":["GET"]}}],"collection":[{"href":"https:\/\/www.radioluna.it\/news\/wp-json\/wp\/v2\/posts"}],"about":[{"href":"https:\/\/www.radioluna.it\/news\/wp-json\/wp\/v2\/types\/post"}],"author":[{"embeddable":true,"href":"https:\/\/www.radioluna.it\/news\/wp-json\/wp\/v2\/users\/60"}],"replies":[{"embeddable":true,"href":"https:\/\/www.radioluna.it\/news\/wp-json\/wp\/v2\/comments?post=346304"}],"version-history":[{"count":1,"href":"https:\/\/www.radioluna.it\/news\/wp-json\/wp\/v2\/posts\/346304\/revisions"}],"predecessor-version":[{"id":346308,"href":"https:\/\/www.radioluna.it\/news\/wp-json\/wp\/v2\/posts\/346304\/revisions\/346308"}],"wp:featuredmedia":[{"embeddable":true,"href":"https:\/\/www.radioluna.it\/news\/wp-json\/wp\/v2\/media\/346305"}],"wp:attachment":[{"href":"https:\/\/www.radioluna.it\/news\/wp-json\/wp\/v2\/media?parent=346304"}],"wp:term":[{"taxonomy":"category","embeddable":true,"href":"https:\/\/www.radioluna.it\/news\/wp-json\/wp\/v2\/categories?post=346304"},{"taxonomy":"post_tag","embeddable":true,"href":"https:\/\/www.radioluna.it\/news\/wp-json\/wp\/v2\/tags?post=346304"}],"curies":[{"name":"wp","href":"https:\/\/api.w.org\/{rel}","templated":true}]}}