{"id":346486,"date":"2024-02-15T13:37:16","date_gmt":"2024-02-15T12:37:16","guid":{"rendered":"https:\/\/www.radioluna.it\/news\/?p=346486"},"modified":"2024-02-16T10:37:26","modified_gmt":"2024-02-16T09:37:26","slug":"supplenze-accolto-il-ricorso-della-gilda-per-laccesso-allalgoritmo","status":"publish","type":"post","link":"https:\/\/www.radioluna.it\/news\/2024\/02\/supplenze-accolto-il-ricorso-della-gilda-per-laccesso-allalgoritmo\/","title":{"rendered":"Supplenze, accolto il ricorso della Gilda per l\u2019accesso all\u2019algoritmo"},"content":{"rendered":"<div id=\"fb-root\"><\/div>\n<p style=\"text-align: justify;\"><strong>LATINA<\/strong> &#8211;\u00a0Il Tar del Lazio ha accolto il ricorso presentato dalla Gilda Insegnanti contro il Ministero dell\u2019Istruzione e del Merito per accedere all\u2019algoritmo usato per l\u2019assegnazione delle cattedre ai docenti precari iscritti nelle graduatorie provinciali. In virt\u00f9 della sentenza il sindacato potr\u00e0 acquisire i dati utili a capire i motivi del malfunzionamento della procedura informatizzata, che ha generato tantissimi errori nell\u2019attribuzione delle supplenze da GPS, soprattutto nell\u2019anno scolastico 2021-2022.<\/p>\n<p style=\"text-align: justify;\">\u00abIl sistema con l\u2019algoritmo del MIM \u2013 spiega la coordinatrice provinciale della Gilda, Patrizia Giovannini \u2013 \u00e8 stato progettato per sostituire e automatizzare le convocazioni in presenza, ma non riesce a contemplare tutte le variabili che intervengono in fase di assegnazione dei posti. Le norme e l\u2019abuso di questa procedura hanno penalizzato i candidati con i punteggi pi\u00f9 elevati col risultato che questi docenti sono rimasti senza incarico o hanno preso supplenze e sedi pi\u00f9 disagiate\u00bb.<\/p>\n<p style=\"text-align: justify;\">\u00abSeppure quest\u2019anno siano state corrette molte delle anomalie tecniche registrate negli anni precedenti, come per esempio la possibilit\u00e0 del completamento orario, si sono ancora verificati casi di docenti scavalcati impropriamente in graduatoria. Tant\u2019\u00e8 che stiamo continuando a sostenere diversi ricorsi per il ripristino delle posizioni\u00bb sottolinea la Giovannini.<\/p>\n<p style=\"text-align: justify;\">Da tre anni la Gilda sta chiedendo di modificare le norme che regolano questo sistema e di posticipare il procedimento delle nomine, cos\u00ec da avere un quadro pi\u00f9 definito e completo delle disponibilit\u00e0.\u00a0\u00abLa soluzione ideale \u2013 afferma la segretaria &#8211; sarebbe tornare alle convocazioni in presenza, ma se questo non fosse possibile si preveda almeno un intervento che consenta il rispetto del principio meritocratico e dei diritti di graduatoria, che finora sembra non siano stati affatto considerati correttamente\u00bb.<\/p>\n<p>I tecnici della Gilda entrati in possesso dei dati sono al lavoro per verificare l\u2019origine delle irregolarit\u00e0 registrate a suo tempo. Ad esito delle analisi, si valuter\u00e0 come procedere presso il Ministero.<\/p>\n","protected":false},"excerpt":{"rendered":"<p>LATINA &#8211;\u00a0Il Tar del Lazio ha accolto il ricorso presentato dalla Gilda Insegnanti contro il Ministero dell\u2019Istruzione e del Merito per accedere all\u2019algoritmo usato per l\u2019assegnazione delle cattedre ai docenti precari iscritti nelle graduatorie provinciali. In virt\u00f9 della sentenza il sindacato potr\u00e0 acquisire i dati utili a capire i motivi del malfunzionamento della procedura informatizzata, [&hellip;]<\/p>\n","protected":false},"author":60,"featured_media":340495,"comment_status":"open","ping_status":"open","sticky":false,"template":"","format":"standard","meta":{"footnotes":""},"categories":[248],"tags":[],"class_list":["post-346486","post","type-post","status-publish","format-standard","has-post-thumbnail","hentry","category-istruzione"],"_links":{"self":[{"href":"https:\/\/www.radioluna.it\/news\/wp-json\/wp\/v2\/posts\/346486","targetHints":{"allow":["GET"]}}],"collection":[{"href":"https:\/\/www.radioluna.it\/news\/wp-json\/wp\/v2\/posts"}],"about":[{"href":"https:\/\/www.radioluna.it\/news\/wp-json\/wp\/v2\/types\/post"}],"author":[{"embeddable":true,"href":"https:\/\/www.radioluna.it\/news\/wp-json\/wp\/v2\/users\/60"}],"replies":[{"embeddable":true,"href":"https:\/\/www.radioluna.it\/news\/wp-json\/wp\/v2\/comments?post=346486"}],"version-history":[{"count":1,"href":"https:\/\/www.radioluna.it\/news\/wp-json\/wp\/v2\/posts\/346486\/revisions"}],"predecessor-version":[{"id":346488,"href":"https:\/\/www.radioluna.it\/news\/wp-json\/wp\/v2\/posts\/346486\/revisions\/346488"}],"wp:featuredmedia":[{"embeddable":true,"href":"https:\/\/www.radioluna.it\/news\/wp-json\/wp\/v2\/media\/340495"}],"wp:attachment":[{"href":"https:\/\/www.radioluna.it\/news\/wp-json\/wp\/v2\/media?parent=346486"}],"wp:term":[{"taxonomy":"category","embeddable":true,"href":"https:\/\/www.radioluna.it\/news\/wp-json\/wp\/v2\/categories?post=346486"},{"taxonomy":"post_tag","embeddable":true,"href":"https:\/\/www.radioluna.it\/news\/wp-json\/wp\/v2\/tags?post=346486"}],"curies":[{"name":"wp","href":"https:\/\/api.w.org\/{rel}","templated":true}]}}