{"id":346510,"date":"2024-02-15T19:13:30","date_gmt":"2024-02-15T18:13:30","guid":{"rendered":"https:\/\/www.radioluna.it\/news\/?p=346510"},"modified":"2024-02-19T14:38:38","modified_gmt":"2024-02-19T13:38:38","slug":"conoscere-meglio-lue-al-via-il-progetto-della-provincia-di-latina-con-listituto-spinelli","status":"publish","type":"post","link":"https:\/\/www.radioluna.it\/news\/2024\/02\/conoscere-meglio-lue-al-via-il-progetto-della-provincia-di-latina-con-listituto-spinelli\/","title":{"rendered":"Conoscere meglio l&#8217;Ue, al via il progetto della Provincia di Latina con l&#8217;Istituto Spinelli"},"content":{"rendered":"<div id=\"fb-root\"><\/div>\n<p style=\"text-align: justify;\"><strong>LATINA &#8211;\u00a0 <\/strong>Aiutare i giovani a conoscere meglio l&#8217;Europa, o a scoprirla, calandosi nelle sue istituzioni, seguendone il corso della storia iniziato proprio sull&#8217;isola pontina di Ventotene e cogliere le opportunit\u00e0 che offre. E&#8217; lo scopo di un Protocollo d&#8217;Intesa firmato oggi pomeriggio dalla <strong>Provincia di Latina<\/strong> con l&#8217;<strong>Istituto di Studi Federalisti &#8220;Altiero Spinelli&#8221;<\/strong> per il\u00a0&#8220;<strong>Progetto &#8211; Educazione Civica Europea<\/strong>&#8221; rivolto agli studenti dell\u2019ultimo biennio degli Istituti Secondari di secondo grado del territorio.<\/p>\n<p>&#8220;Non vogliamo essere solo costruttori e manutentori di edifici scolastici, ma anche contribuire, a formare le coscienze delle nuove generazioni che sono nate in un&#8217;Europa gi\u00e0 molto pi\u00f9 integrata, basti pensare che sono nati quando c&#8217;era la moneta unica la moneta unica &#8211; ha spiegato nella Sala Loffredo in Via Costa dove \u00e8 avvenuta la firma, il Presidente della Provincia\u00a0 <strong>Gerardo Stefanelli &#8211;\u00a0 <\/strong>\u00a0Vogliamo migliorare la conoscenza delle istituzioni, il rafforzamento della coscienza di appartenenza europea, ma anche la divulgazione delle opportunit\u00e0 di crescita formativa e professionale che l&#8217;Europa d\u00e0 e che purtroppo\u00a0 oggi sono conosciute da una minoranza&#8221;.<\/p>\n<audio class=\"wp-audio-shortcode\" id=\"audio-346510-1\" preload=\"none\" style=\"width: 100%;\" controls=\"controls\"><source type=\"audio\/mpeg\" src=\"https:\/\/www.radioluna.it\/news\/wp-content\/uploads\/2024\/02\/stefanelli-educazione-civica-europea.mp3?_=1\" \/><a href=\"https:\/\/www.radioluna.it\/news\/wp-content\/uploads\/2024\/02\/stefanelli-educazione-civica-europea.mp3\">https:\/\/www.radioluna.it\/news\/wp-content\/uploads\/2024\/02\/stefanelli-educazione-civica-europea.mp3<\/a><\/audio>\n<p>Il progetto \u00e8 anche un invito alla partecipazione dei pi\u00f9 giovani alle Elezioni Europee che si avvicinano (l&#8217;8 e il 9 giugno).<\/p>\n<p style=\"text-align: justify;\">&#8220;Cominceremo le attivit\u00e0 con la Festa dell&#8217;Europa, il 9 maggio a Ventotene e cercheremo di fare un viaggio nelle istituzioni e nella storia dell&#8217;integrazione europea, impersonando loro stessi i processi legislativi a livello di Parlamento Europeo e di Consiglio, portando una selezioni di loro a Bruxelles. Sar\u00e0 anche uno stimolo alla partecipazione, le prossime elezioni saranno le decime, il Parlamento Europeo ha un ruolo nelle nostre vite e la partecipazione \u00e8 fondamentale, il voto amplifica la portata democratica di questa nostra opportunit\u00e0 che abbiamo di decidere non solo la politica nazionale ma anche quella europea&#8221;, sottolinea il direttore dell&#8217;Istituto Spinelli Mario Leone.<\/p>\n<audio class=\"wp-audio-shortcode\" id=\"audio-346510-2\" preload=\"none\" style=\"width: 100%;\" controls=\"controls\"><source type=\"audio\/mpeg\" src=\"https:\/\/www.radioluna.it\/news\/wp-content\/uploads\/2024\/02\/mario-leone-educ-civica-europea-1.mp3?_=2\" \/><a href=\"https:\/\/www.radioluna.it\/news\/wp-content\/uploads\/2024\/02\/mario-leone-educ-civica-europea-1.mp3\">https:\/\/www.radioluna.it\/news\/wp-content\/uploads\/2024\/02\/mario-leone-educ-civica-europea-1.mp3<\/a><\/audio>\n<p>&#8220;La Provincia contribuir\u00e0 al progetto anche attraverso uno sportello che sar\u00e0\u00a0 aperto presso la Provincia, che sar\u00e0 gestito dall&#8217;Istituto Spinelli con i ragazzi, e che non far\u00e0 solo informazione ma seguir\u00e0 gli studenti con l&#8217;obiettivo di far cogliere loro le opportunit\u00e0 che arrivano dalla partecipazione a progetti e bandi europei&#8221;\u00a0 &#8211;\u00a0 ha sottolineato il consigliere provinciale Luca Magliozzi che ha seguito da vicino il lavoro preparatorio del protocollo d&#8217;intesa e che confida nella possibilit\u00e0 in futuro di vedere aperto sul territorio un centro EUROPE DIRECT.<\/p>\n<audio class=\"wp-audio-shortcode\" id=\"audio-346510-3\" preload=\"none\" style=\"width: 100%;\" controls=\"controls\"><source type=\"audio\/mpeg\" src=\"https:\/\/www.radioluna.it\/news\/wp-content\/uploads\/2024\/02\/magliozzi-progetto-UE.mp3?_=3\" \/><a href=\"https:\/\/www.radioluna.it\/news\/wp-content\/uploads\/2024\/02\/magliozzi-progetto-UE.mp3\">https:\/\/www.radioluna.it\/news\/wp-content\/uploads\/2024\/02\/magliozzi-progetto-UE.mp3<\/a><\/audio>\n<p>Toccher\u00e0 ai dirigenti scolastici il successo dell&#8217;iniziativa.<\/p>\n","protected":false},"excerpt":{"rendered":"<p>LATINA &#8211;\u00a0 Aiutare i giovani a conoscere meglio l&#8217;Europa, o a scoprirla, calandosi nelle sue istituzioni, seguendone il corso della storia iniziato proprio sull&#8217;isola pontina di Ventotene e cogliere le opportunit\u00e0 che offre. E&#8217; lo scopo di un Protocollo d&#8217;Intesa firmato oggi pomeriggio dalla Provincia di Latina con l&#8217;Istituto di Studi Federalisti &#8220;Altiero Spinelli&#8221; per [&hellip;]<\/p>\n","protected":false},"author":62,"featured_media":346511,"comment_status":"open","ping_status":"open","sticky":false,"template":"","format":"gallery","meta":{"footnotes":""},"categories":[248],"tags":[],"class_list":["post-346510","post","type-post","status-publish","format-gallery","has-post-thumbnail","hentry","category-istruzione","post_format-post-format-gallery"],"_links":{"self":[{"href":"https:\/\/www.radioluna.it\/news\/wp-json\/wp\/v2\/posts\/346510","targetHints":{"allow":["GET"]}}],"collection":[{"href":"https:\/\/www.radioluna.it\/news\/wp-json\/wp\/v2\/posts"}],"about":[{"href":"https:\/\/www.radioluna.it\/news\/wp-json\/wp\/v2\/types\/post"}],"author":[{"embeddable":true,"href":"https:\/\/www.radioluna.it\/news\/wp-json\/wp\/v2\/users\/62"}],"replies":[{"embeddable":true,"href":"https:\/\/www.radioluna.it\/news\/wp-json\/wp\/v2\/comments?post=346510"}],"version-history":[{"count":3,"href":"https:\/\/www.radioluna.it\/news\/wp-json\/wp\/v2\/posts\/346510\/revisions"}],"predecessor-version":[{"id":346520,"href":"https:\/\/www.radioluna.it\/news\/wp-json\/wp\/v2\/posts\/346510\/revisions\/346520"}],"wp:featuredmedia":[{"embeddable":true,"href":"https:\/\/www.radioluna.it\/news\/wp-json\/wp\/v2\/media\/346511"}],"wp:attachment":[{"href":"https:\/\/www.radioluna.it\/news\/wp-json\/wp\/v2\/media?parent=346510"}],"wp:term":[{"taxonomy":"category","embeddable":true,"href":"https:\/\/www.radioluna.it\/news\/wp-json\/wp\/v2\/categories?post=346510"},{"taxonomy":"post_tag","embeddable":true,"href":"https:\/\/www.radioluna.it\/news\/wp-json\/wp\/v2\/tags?post=346510"}],"curies":[{"name":"wp","href":"https:\/\/api.w.org\/{rel}","templated":true}]}}