{"id":346522,"date":"2024-02-15T19:35:05","date_gmt":"2024-02-15T18:35:05","guid":{"rendered":"https:\/\/www.radioluna.it\/news\/?p=346522"},"modified":"2024-02-16T12:07:42","modified_gmt":"2024-02-16T11:07:42","slug":"cisterna-prova-a-reagire-dopo-il-femminicidio-il-sindaco-mantini-fiaccolata-e-lutto-cittadino","status":"publish","type":"post","link":"https:\/\/www.radioluna.it\/news\/2024\/02\/cisterna-prova-a-reagire-dopo-il-femminicidio-il-sindaco-mantini-fiaccolata-e-lutto-cittadino\/","title":{"rendered":"Cisterna prova a reagire dopo il femminicidio, il sindaco Mantini: &#8220;Fiaccolata e lutto cittadino&#8221;"},"content":{"rendered":"<div id=\"fb-root\"><\/div>\n<p style=\"text-align: justify;\"><strong>CISTERNA<\/strong> &#8211; Cisterna prova a reagire dopo il duplice femminicidio di Via Monti Lepini, non \u00e8 la prima volta che \u00e8 chiamata a farlo. Il Sindaco Valentino Mantini ha annunciato che il giorno in cui si celebreranno i funerali di Nicoletta Zomparelli e Renee Amato verr\u00e0 indetto il lutto cittadino e il Comune si costituir\u00e0 parte civile nel processo penale. Poi ha chiamato a raccolta i cittadini e le altre istituzioni, le associazioni, i sindacati, le scuole per la fiaccolata che partir\u00e0 alle 18,30 per ricordare mamma e figlia uccise dal maresciallo della Guardia di Finanza Christian Sodano, il ragazzo che avevano accolto in casa senza immaginare che cosa sarebbe accaduto.<\/p>\n<p style=\"text-align: justify;\">Il corteo partir\u00e0 da Piazza XIX Marzo e sfiler\u00e0 lungo Via Ugo Bassi, Via Porta Agrippina, Via Monti Lepini, Via Aldo Moro, Via Vittime del Terrorismo, Via Falcone per giungere, infine, nell\u2019area antistante la chiesa di S. Valentino dove si terr\u00e0 un momento di preghiera e riflessione.<\/p>\n<p style=\"text-align: justify;\">\u00abLe donne di Cisterna e la nostra comunit\u00e0 sono vittime, non carnefici \u2013 dichiara Mantini &#8211; . Cisterna \u00e8 una citt\u00e0 solidale, inclusiva e integrativa, da sempre. Lo dimostrer\u00e0 anche domani con una fiaccolata e il lutto cittadino il giorno dei funerali in modo da manifestare l\u2019abbraccio collettivo alle famiglie Amato e Zomparelli e la vicinanza in questo viaggio durissimo che dovranno affrontare. Purtroppo il femminicidio, come la violenza e il mancato rispetto dell\u2019altro, sono problemi che attanagliano non solo la nostra citt\u00e0 ma la civilt\u00e0 in generale. Dobbiamo affidarci alle agenzie educative come la famiglia e la scuola. L\u2019amministrazione comunale, dal canto suo, ha varie iniziative in corso: \u00e8 stato istituito un sistema territoriale antiviolenza in rete a sostegno delle donne vittime di violenza;, ha attivato il Patto Educativo di Comunit\u00e0; ottenuto un finanziamento per l\u2019attivazione di una casa rifugio per le donne vittime di violenza. Ma soprattutto c\u2019\u00e8 bisogno di educare al rispetto, alla cura dei sentimenti, ad accettare il rifiuto e saperlo gestire. \u00c8 un percorso educativo che sar\u00e0 lungo ma che dobbiamo assolutamente percorrere\u00bb.<\/p>\n<p style=\"text-align: justify;\"><strong>L&#8217;EPIGAFRE<\/strong> &#8211;\u00a0 Giuseppe Amato con la figlia superstite Desire\u00e9 intanto hanno voluto le foto di Nicoletta e Rene\u00e9 nell&#8217;epigrafe con cui annunciano la scomparsa delle due donne, quello che l&#8217;Italia intera ha dovuto sentire in questi giorni, a partire da marted\u00ec sera quando le forze dell&#8217;ordine sono entrate nella villetta di Via Monti Lepini trovando i corpi di madre e figlia. &#8220;Le esequie avranno luogo in data da destinarsi&#8221;, si legge nell&#8217;annuncio funebre. Sar\u00e0 infatti la Procura, una volta eseguite le autopsie a dover restituire i corpi alle famiglie per le esequie.<\/p>\n<p style=\"text-align: justify;\">E mentre emergono nuovi e agghiaccianti particolari sul delitto, l&#8217;omicida \u00e8 atteso all&#8217;interrogatorio con il Gip del Tribunale di Latina, fissato per venerd\u00ec 16, per la convalida del fermo emesso dalla Procura e che si svolger\u00e0 nel carcere di Latina dove il militare \u00e8 detenuto. Il ragazzo ha gi\u00e0 ammesso di essere stato lui a sparare contro le due donne e ha raccontato la dinamica dei fatti. Non si \u00e8 disperato mentre in Questura riferiva al Pm De Luca del litigio con Desire\u00e9\u00a0 che lo voleva lasciare, della pistola, e di quanto accaduto dopo, compreso il raccapricciante finale, quando ha fatto fuoco una seconda volta a distanza di alcuni minuti sulla sorella pi\u00f9 piccola di Desire\u00e9 che era gravemente ferita, ma non era ancora morta.<\/p>\n<p>I legali del finanziere hanno chiesto il trasferimento del detenuto in un carcere militare.<\/p>\n","protected":false},"excerpt":{"rendered":"<p>CISTERNA &#8211; Cisterna prova a reagire dopo il duplice femminicidio di Via Monti Lepini, non \u00e8 la prima volta che \u00e8 chiamata a farlo. Il Sindaco Valentino Mantini ha annunciato che il giorno in cui si celebreranno i funerali di Nicoletta Zomparelli e Renee Amato verr\u00e0 indetto il lutto cittadino e il Comune si costituir\u00e0 [&hellip;]<\/p>\n","protected":false},"author":62,"featured_media":346523,"comment_status":"open","ping_status":"open","sticky":false,"template":"","format":"standard","meta":{"footnotes":""},"categories":[7,2428],"tags":[],"class_list":["post-346522","post","type-post","status-publish","format-standard","has-post-thumbnail","hentry","category-cronaca","category-primo-piano"],"_links":{"self":[{"href":"https:\/\/www.radioluna.it\/news\/wp-json\/wp\/v2\/posts\/346522","targetHints":{"allow":["GET"]}}],"collection":[{"href":"https:\/\/www.radioluna.it\/news\/wp-json\/wp\/v2\/posts"}],"about":[{"href":"https:\/\/www.radioluna.it\/news\/wp-json\/wp\/v2\/types\/post"}],"author":[{"embeddable":true,"href":"https:\/\/www.radioluna.it\/news\/wp-json\/wp\/v2\/users\/62"}],"replies":[{"embeddable":true,"href":"https:\/\/www.radioluna.it\/news\/wp-json\/wp\/v2\/comments?post=346522"}],"version-history":[{"count":6,"href":"https:\/\/www.radioluna.it\/news\/wp-json\/wp\/v2\/posts\/346522\/revisions"}],"predecessor-version":[{"id":346533,"href":"https:\/\/www.radioluna.it\/news\/wp-json\/wp\/v2\/posts\/346522\/revisions\/346533"}],"wp:featuredmedia":[{"embeddable":true,"href":"https:\/\/www.radioluna.it\/news\/wp-json\/wp\/v2\/media\/346523"}],"wp:attachment":[{"href":"https:\/\/www.radioluna.it\/news\/wp-json\/wp\/v2\/media?parent=346522"}],"wp:term":[{"taxonomy":"category","embeddable":true,"href":"https:\/\/www.radioluna.it\/news\/wp-json\/wp\/v2\/categories?post=346522"},{"taxonomy":"post_tag","embeddable":true,"href":"https:\/\/www.radioluna.it\/news\/wp-json\/wp\/v2\/tags?post=346522"}],"curies":[{"name":"wp","href":"https:\/\/api.w.org\/{rel}","templated":true}]}}