{"id":346551,"date":"2024-02-16T10:26:01","date_gmt":"2024-02-16T09:26:01","guid":{"rendered":"https:\/\/www.radioluna.it\/news\/?p=346551"},"modified":"2024-02-19T14:38:50","modified_gmt":"2024-02-19T13:38:50","slug":"cisterna-cominciato-nel-carcere-di-latina-linterrogatorio-di-convalida-di-christian-sodano","status":"publish","type":"post","link":"https:\/\/www.radioluna.it\/news\/2024\/02\/cisterna-cominciato-nel-carcere-di-latina-linterrogatorio-di-convalida-di-christian-sodano\/","title":{"rendered":"Duplice femminicidio, dura solo 15 minuti l&#8217;interrogatorio in carcere di Christian Sodano. Il militare conferma, ma non risponde"},"content":{"rendered":"<div id=\"fb-root\"><\/div>\n<p style=\"text-align: justify;\"><strong>LATINA<\/strong> &#8211; Sono bastati 15 minuti al gip del Tribunale Giuseppe Cario (in foto) per l&#8217;interrogatorio di convalida di Christian Sodano. Entrato alle 9,45 il giudice \u00e8 uscito dal carcere di Latina intorno alle 10 senza rilasciare dichiarazioni. Il militare che \u00e8 detenuto in isolamento nella struttura di Via Aspromonte, accusato del duplice femminicidio di Nicoletta Zomparelli e Renee Amato avvenuto marted\u00ec, si \u00e8 avvalso della facolt\u00e0 di non rispondere alle domande, ma ha confermato il delitto come hanno spiegato ai giornalisti che attendevano all&#8217;esterno i legali del maresciallo della guardia di finanza,\u00a0 Lucio Teson e Leonardo Palombi. Dopo aver confermato quanto confessato la notte del delitto, non ha voluto rispondere alle domande del Gip sui tanti aspetti ancora da chiarire.<\/p>\n<p style=\"text-align: justify;\">Gli avvocati difensori del militare 26enne, che questa mattina erano arrivati per primi in carcere, hanno ribadito la richiesta di trasferimento del loro assistito in un carcere militare.<img loading=\"lazy\" decoding=\"async\" class=\" wp-image-257738 alignright\" src=\"https:\/\/www.radioluna.it\/news\/wp-content\/uploads\/2019\/12\/il-gip-Giuseppe-Cario-foto-da-Fb-270x300.jpg\" alt=\"\" width=\"150\" height=\"167\" srcset=\"https:\/\/www.radioluna.it\/news\/wp-content\/uploads\/2019\/12\/il-gip-Giuseppe-Cario-foto-da-Fb-270x300.jpg 270w, https:\/\/www.radioluna.it\/news\/wp-content\/uploads\/2019\/12\/il-gip-Giuseppe-Cario-foto-da-Fb-768x853.jpg 768w, https:\/\/www.radioluna.it\/news\/wp-content\/uploads\/2019\/12\/il-gip-Giuseppe-Cario-foto-da-Fb.jpg 864w\" sizes=\"auto, (max-width: 150px) 100vw, 150px\" \/><\/p>\n<p style=\"text-align: justify;\">Tra le novit\u00e0 emerse nelle scorse ore ce n&#8217;\u00e8 una particolarmente inquietante. Nell\u2019auto di Christian Sodano &#8211; come riporta sull\u2019edizione nazionale di oggi Il Messaggero\u00a0 &#8211; l\u2019ispezione degli investigatori della Questura potrebbe aprire nuovi scenari. Nell\u2019 Audi A3 sequestrata in Via Sgambati a Latina dove il finanziere reo confesso del duplice femminicidio \u00e8 stato arrestato, sono stati trovati \u00a0uno zainetto nero che conteneva sacchi neri della spazzatura, nastro adesivo, manette, due manganelli e dei guanti.<\/p>\n<p>Attesa anche dai risultati delle autopsie iniziate ieri e che saranno terminate oggi.<\/p>\n<p>&nbsp;<\/p>\n","protected":false},"excerpt":{"rendered":"<p>LATINA &#8211; Sono bastati 15 minuti al gip del Tribunale Giuseppe Cario (in foto) per l&#8217;interrogatorio di convalida di Christian Sodano. Entrato alle 9,45 il giudice \u00e8 uscito dal carcere di Latina intorno alle 10 senza rilasciare dichiarazioni. Il militare che \u00e8 detenuto in isolamento nella struttura di Via Aspromonte, accusato del duplice femminicidio di [&hellip;]<\/p>\n","protected":false},"author":62,"featured_media":171891,"comment_status":"open","ping_status":"open","sticky":false,"template":"","format":"standard","meta":{"footnotes":""},"categories":[7,2428],"tags":[5656,5657,5659,5658],"class_list":["post-346551","post","type-post","status-publish","format-standard","has-post-thumbnail","hentry","category-cronaca","category-primo-piano","tag-duplice-femminicidio-cisterna","tag-nicoletta-zomparelli","tag-omicidi-cisterna","tag-renee-amato"],"_links":{"self":[{"href":"https:\/\/www.radioluna.it\/news\/wp-json\/wp\/v2\/posts\/346551","targetHints":{"allow":["GET"]}}],"collection":[{"href":"https:\/\/www.radioluna.it\/news\/wp-json\/wp\/v2\/posts"}],"about":[{"href":"https:\/\/www.radioluna.it\/news\/wp-json\/wp\/v2\/types\/post"}],"author":[{"embeddable":true,"href":"https:\/\/www.radioluna.it\/news\/wp-json\/wp\/v2\/users\/62"}],"replies":[{"embeddable":true,"href":"https:\/\/www.radioluna.it\/news\/wp-json\/wp\/v2\/comments?post=346551"}],"version-history":[{"count":3,"href":"https:\/\/www.radioluna.it\/news\/wp-json\/wp\/v2\/posts\/346551\/revisions"}],"predecessor-version":[{"id":346569,"href":"https:\/\/www.radioluna.it\/news\/wp-json\/wp\/v2\/posts\/346551\/revisions\/346569"}],"wp:featuredmedia":[{"embeddable":true,"href":"https:\/\/www.radioluna.it\/news\/wp-json\/wp\/v2\/media\/171891"}],"wp:attachment":[{"href":"https:\/\/www.radioluna.it\/news\/wp-json\/wp\/v2\/media?parent=346551"}],"wp:term":[{"taxonomy":"category","embeddable":true,"href":"https:\/\/www.radioluna.it\/news\/wp-json\/wp\/v2\/categories?post=346551"},{"taxonomy":"post_tag","embeddable":true,"href":"https:\/\/www.radioluna.it\/news\/wp-json\/wp\/v2\/tags?post=346551"}],"curies":[{"name":"wp","href":"https:\/\/api.w.org\/{rel}","templated":true}]}}